{"id":30228,"date":"2023-10-27T08:11:58","date_gmt":"2023-10-27T07:11:58","guid":{"rendered":"https:\/\/www.jeanpierrevangorp.info\/site\/?p=30228"},"modified":"2023-11-18T08:19:18","modified_gmt":"2023-11-18T07:19:18","slug":"motion-au-conseil-communal-pour-ne-pas-remplacer-lechevine-de-fierlant","status":"publish","type":"post","link":"https:\/\/www.jeanpierrevangorp.info\/site\/motion-au-conseil-communal-pour-ne-pas-remplacer-lechevine-de-fierlant\/","title":{"rendered":"Motion au Conseil communal pour ne pas remplacer l&rsquo;\u00e9chevine de Fierlant"},"content":{"rendered":"<!--themify_builder_content-->\n<div id=\"themify_builder_content-30228\" data-postid=\"30228\" class=\"themify_builder_content themify_builder_content-30228 themify_builder tf_clear\">\n                    <div  data-lazy=\"1\" class=\"module_row themify_builder_row tb_eir6472 tb_first tf_w\">\n                        <div class=\"row_inner col_align_top tb_col_count_1 tf_box tf_rel\">\n                        <div  data-lazy=\"1\" class=\"module_column tb-column col-full tb_p5am473 first\">\n                    <!-- module text -->\n<div  class=\"module module-text tb_3vu6677   \" data-lazy=\"1\">\n        <div  class=\"tb_text_wrap\">\n        <p><img loading=\"lazy\" decoding=\"async\" class=\"aligncenter size-medium wp-image-30229\" src=\"https:\/\/www.jeanpierrevangorp.info\/site\/wp-content\/uploads\/2023\/11\/lorraine_de_fierlant_1-359x464.jpg\" alt=\"\" width=\"359\" height=\"464\" srcset=\"https:\/\/www.jeanpierrevangorp.info\/site\/wp-content\/uploads\/2023\/11\/lorraine_de_fierlant_1-359x464.jpg 359w, https:\/\/www.jeanpierrevangorp.info\/site\/wp-content\/uploads\/2023\/11\/lorraine_de_fierlant_1-791x1024.jpg 791w, https:\/\/www.jeanpierrevangorp.info\/site\/wp-content\/uploads\/2023\/11\/lorraine_de_fierlant_1-768x994.jpg 768w, https:\/\/www.jeanpierrevangorp.info\/site\/wp-content\/uploads\/2023\/11\/lorraine_de_fierlant_1.jpg 800w\" sizes=\"(max-width: 359px) 100vw, 359px\" \/><\/p><p><strong>L&rsquo;\u00e9chevine Lorraine de Fierlant (Liste du Bourgmestre\/Lib\u00e9raux schaerbeekois)<\/strong> en charge des ressources humaines et de la dynamisation \u00e9conomique, a annonc\u00e9 \u00e0 la rentr\u00e9e sa d\u00e9mission. Elle prendra en effet la t\u00eate de Microstart.<\/p><p>La logique voudrait qu&rsquo;elle soit remplac\u00e9e par un \u00e9lu de sa liste. Le nom du <strong>conseiller communal Maxime Baudaux<\/strong> \u00e9tant sur toutes les l\u00e8vres. Il est le co-g\u00e9rant du <strong>1030 Caf\u00e9.<\/strong><\/p><p><div class=\"more-text\" style=\"display: none\"><\/p><p>Cependant, une motion d\u00e9pos\u00e9e au <strong>Conseil communal<\/strong> et vot\u00e9e car la majorit\u00e9 ne dispose plus de majorit\u00e9, a d\u00e9cid\u00e9 du contraire.<\/p><p>Dans les colonnes de la <strong>Derni\u00e8re Heure, le conseiller communal C\u00e9dric Mahieu (Les engag\u00e9s)<\/strong> d\u00e9clare : \u00ab\u00a0C<i>\u2019est avant tout une question d\u2019exemplarit\u00e9 de la classe politique schaerbeekoise ! La situation budg\u00e9taire est grave, notamment \u00e0 cause du d\u00e9rapage financier au CPAS. <\/i><i>Il est demand\u00e9 \u00e0 l\u2019administration de faire plus avec moins puisque la gestion de la masse salariale, que je soutiens pleinement, pr\u00e9voit de ne pas remplacer tous les d\u00e9parts naturels de travailleurs. Ici, on est face \u00e0 un d\u00e9part naturel d\u2019une \u00e9chevine, il serait donc naturel que le Coll\u00e8ge s\u2019applique \u00e0 lui-m\u00eame cette r\u00e8gle.<\/i>\u201d<\/p><p>Cliquez <a href=\"https:\/\/www.dhnet.be\/regions\/bruxelles\/2023\/10\/10\/schaerbeek-vers-le-non-remplacement-de-lechevine-de-fierlant-100-000-euros-cest-100-000-euros-je-les-prefere-dans-la-poche-du-citoyen-HQ4BYIVYKJEBPJWHYJTHCZVT5E\/\">ici<\/a> pour lire l&rsquo;article.<\/p><\/div><a href=\"#\" class=\"module-text-more\">More <\/a>    <\/div>\n<\/div>\n<!-- \/module text -->        <\/div>\n                        <\/div>\n        <\/div>\n        <\/div>\n<!--\/themify_builder_content-->","protected":false},"excerpt":{"rendered":"<p>L&rsquo;\u00e9chevine Lorraine de Fierlant (Liste du Bourgmestre\/Lib\u00e9raux schaerbeekois) en charge des ressources humaines et de la dynamisation \u00e9conomique, a annonc\u00e9 \u00e0 la rentr\u00e9e sa d\u00e9mission. Elle prendra en effet la t\u00eate de Microstart.La logique voudrait qu&rsquo;elle soit remplac\u00e9e par un \u00e9lu de sa liste. Le nom du conseiller communal Maxime Baudaux \u00e9tant sur toutes les [&hellip;]<\/p>\n","protected":false},"author":1,"featured_media":0,"comment_status":"closed","ping_status":"closed","sticky":false,"template":"","format":"standard","meta":{"footnotes":""},"categories":[9,1],"tags":[],"class_list":["post-30228","post","type-post","status-publish","format-standard","hentry","category-actualites-schaerbeekoises","category-conseilcommunal","has-post-title","has-post-date","has-post-category","has-post-tag","has-post-comment","has-post-author",""],"builder_content":"<p><img loading=\"lazy\" decoding=\"async\" src=\"https:\/\/www.jeanpierrevangorp.info\/site\/wp-content\/uploads\/2023\/11\/lorraine_de_fierlant_1-359x464.jpg\" alt=\"\" width=\"359\" height=\"464\" srcset=\"https:\/\/www.jeanpierrevangorp.info\/site\/wp-content\/uploads\/2023\/11\/lorraine_de_fierlant_1-359x464.jpg 359w, https:\/\/www.jeanpierrevangorp.info\/site\/wp-content\/uploads\/2023\/11\/lorraine_de_fierlant_1-791x1024.jpg 791w, https:\/\/www.jeanpierrevangorp.info\/site\/wp-content\/uploads\/2023\/11\/lorraine_de_fierlant_1-768x994.jpg 768w, https:\/\/www.jeanpierrevangorp.info\/site\/wp-content\/uploads\/2023\/11\/lorraine_de_fierlant_1.jpg 800w\" sizes=\"(max-width: 359px) 100vw, 359px\" \/><\/p><p><strong>L'\u00e9chevine Lorraine de Fierlant (Liste du Bourgmestre\/Lib\u00e9raux schaerbeekois)<\/strong> en charge des ressources humaines et de la dynamisation \u00e9conomique, a annonc\u00e9 \u00e0 la rentr\u00e9e sa d\u00e9mission. Elle prendra en effet la t\u00eate de Microstart.<\/p><p>La logique voudrait qu'elle soit remplac\u00e9e par un \u00e9lu de sa liste. Le nom du <strong>conseiller communal Maxime Baudaux<\/strong> \u00e9tant sur toutes les l\u00e8vres. Il est le co-g\u00e9rant du <strong>1030 Caf\u00e9.<\/strong><\/p><p><\/p><p>Cependant, une motion d\u00e9pos\u00e9e au <strong>Conseil communal<\/strong> et vot\u00e9e car la majorit\u00e9 ne dispose plus de majorit\u00e9, a d\u00e9cid\u00e9 du contraire.<\/p><p>Dans les colonnes de la <strong>Derni\u00e8re Heure, le conseiller communal C\u00e9dric Mahieu (Les engag\u00e9s)<\/strong> d\u00e9clare : \"C<i>\u2019est avant tout une question d\u2019exemplarit\u00e9 de la classe politique schaerbeekoise ! La situation budg\u00e9taire est grave, notamment \u00e0 cause du d\u00e9rapage financier au CPAS. <\/i><i>Il est demand\u00e9 \u00e0 l\u2019administration de faire plus avec moins puisque la gestion de la masse salariale, que je soutiens pleinement, pr\u00e9voit de ne pas remplacer tous les d\u00e9parts naturels de travailleurs. Ici, on est face \u00e0 un d\u00e9part naturel d\u2019une \u00e9chevine, il serait donc naturel que le Coll\u00e8ge s\u2019applique \u00e0 lui-m\u00eame cette r\u00e8gle.<\/i>\u201d<\/p><p>Cliquez <a href=\"https:\/\/www.dhnet.be\/regions\/bruxelles\/2023\/10\/10\/schaerbeek-vers-le-non-remplacement-de-lechevine-de-fierlant-100-000-euros-cest-100-000-euros-je-les-prefere-dans-la-poche-du-citoyen-HQ4BYIVYKJEBPJWHYJTHCZVT5E\/\">ici<\/a> pour lire l'article.<\/p>","_links":{"self":[{"href":"https:\/\/www.jeanpierrevangorp.info\/site\/wp-json\/wp\/v2\/posts\/30228"}],"collection":[{"href":"https:\/\/www.jeanpierrevangorp.info\/site\/wp-json\/wp\/v2\/posts"}],"about":[{"href":"https:\/\/www.jeanpierrevangorp.info\/site\/wp-json\/wp\/v2\/types\/post"}],"author":[{"embeddable":true,"href":"https:\/\/www.jeanpierrevangorp.info\/site\/wp-json\/wp\/v2\/users\/1"}],"replies":[{"embeddable":true,"href":"https:\/\/www.jeanpierrevangorp.info\/site\/wp-json\/wp\/v2\/comments?post=30228"}],"version-history":[{"count":1,"href":"https:\/\/www.jeanpierrevangorp.info\/site\/wp-json\/wp\/v2\/posts\/30228\/revisions"}],"predecessor-version":[{"id":30230,"href":"https:\/\/www.jeanpierrevangorp.info\/site\/wp-json\/wp\/v2\/posts\/30228\/revisions\/30230"}],"wp:attachment":[{"href":"https:\/\/www.jeanpierrevangorp.info\/site\/wp-json\/wp\/v2\/media?parent=30228"}],"wp:term":[{"taxonomy":"category","embeddable":true,"href":"https:\/\/www.jeanpierrevangorp.info\/site\/wp-json\/wp\/v2\/categories?post=30228"},{"taxonomy":"post_tag","embeddable":true,"href":"https:\/\/www.jeanpierrevangorp.info\/site\/wp-json\/wp\/v2\/tags?post=30228"}],"curies":[{"name":"wp","href":"https:\/\/api.w.org\/{rel}","templated":true}]}}