{"id":30425,"date":"2024-05-24T10:58:59","date_gmt":"2024-05-24T09:58:59","guid":{"rendered":"https:\/\/www.jeanpierrevangorp.info\/site\/?p=30425"},"modified":"2024-05-25T11:09:01","modified_gmt":"2024-05-25T10:09:01","slug":"le-tram-25-sauve","status":"publish","type":"post","link":"https:\/\/www.jeanpierrevangorp.info\/site\/le-tram-25-sauve\/","title":{"rendered":"Le tram 25 \u00ab\u00a0sauv\u00e9\u00a0\u00bb"},"content":{"rendered":"<!--themify_builder_content-->\n<div id=\"themify_builder_content-30425\" data-postid=\"30425\" class=\"themify_builder_content themify_builder_content-30425 themify_builder tf_clear\">\n                    <div  data-lazy=\"1\" class=\"module_row themify_builder_row tb_udho865 tb_first tf_w\">\n                        <div class=\"row_inner col_align_top tb_col_count_1 tf_box tf_rel\">\n                        <div  data-lazy=\"1\" class=\"module_column tb-column col-full tb_urtq866 first\">\n                    <!-- module text -->\n<div  class=\"module module-text tb_bcve832   \" data-lazy=\"1\">\n        <div  class=\"tb_text_wrap\">\n        <p><img loading=\"lazy\" decoding=\"async\" class=\"size-medium wp-image-30426\" src=\"https:\/\/www.jeanpierrevangorp.info\/site\/wp-content\/uploads\/2024\/05\/6ZXBPLT5SJGJXOCEGDJCGZCJUQ-464x425.jpg\" alt=\"\" width=\"464\" height=\"425\" srcset=\"https:\/\/www.jeanpierrevangorp.info\/site\/wp-content\/uploads\/2024\/05\/6ZXBPLT5SJGJXOCEGDJCGZCJUQ-464x425.jpg 464w, https:\/\/www.jeanpierrevangorp.info\/site\/wp-content\/uploads\/2024\/05\/6ZXBPLT5SJGJXOCEGDJCGZCJUQ-1024x938.jpg 1024w, https:\/\/www.jeanpierrevangorp.info\/site\/wp-content\/uploads\/2024\/05\/6ZXBPLT5SJGJXOCEGDJCGZCJUQ-768x704.jpg 768w, https:\/\/www.jeanpierrevangorp.info\/site\/wp-content\/uploads\/2024\/05\/6ZXBPLT5SJGJXOCEGDJCGZCJUQ-1536x1408.jpg 1536w, https:\/\/www.jeanpierrevangorp.info\/site\/wp-content\/uploads\/2024\/05\/6ZXBPLT5SJGJXOCEGDJCGZCJUQ-2048x1877.jpg 2048w\" sizes=\"(max-width: 464px) 100vw, 464px\" \/><\/p><p>Le tram 25 est finalement \u00ab\u00a0sauv\u00e9\u00a0\u00bb. L&rsquo;annonce de sa suppression avait mobilis\u00e9 les collectifs citoyens de Schaerbeek ainsi que l<strong>&lsquo;opposition PS-Les Engag\u00e9s<\/strong> avec une p\u00e9tition initi\u00e9e notamment par le <strong>conseiller communal Les Engag\u00e9s C\u00e9dric Mahieu.<\/strong><\/p><p>Etonnant d\u00e8s lors de voir les r\u00e9actions d&rsquo;<strong>Ecolo Schaerbeek<\/strong> dont celle de <strong>l&rsquo;\u00e9chevin Vincent Vanhalewyn<\/strong> se r\u00e9jouissant de ce qu&rsquo;ils avaient d\u00e9cid\u00e9 de supprimer&#8230;<\/p>    <\/div>\n<\/div>\n<!-- \/module text -->        <\/div>\n                        <\/div>\n        <\/div>\n        <\/div>\n<!--\/themify_builder_content-->","protected":false},"excerpt":{"rendered":"<p>Le tram 25 est finalement \u00ab\u00a0sauv\u00e9\u00a0\u00bb. L&rsquo;annonce de sa suppression avait mobilis\u00e9 les collectifs citoyens de Schaerbeek ainsi que l&rsquo;opposition PS-Les Engag\u00e9s avec une p\u00e9tition initi\u00e9e notamment par le conseiller communal Les Engag\u00e9s C\u00e9dric Mahieu.Etonnant d\u00e8s lors de voir les r\u00e9actions d&rsquo;Ecolo Schaerbeek dont celle de l&rsquo;\u00e9chevin Vincent Vanhalewyn se r\u00e9jouissant de ce qu&rsquo;ils avaient [&hellip;]<\/p>\n","protected":false},"author":1,"featured_media":0,"comment_status":"closed","ping_status":"closed","sticky":false,"template":"","format":"standard","meta":{"footnotes":""},"categories":[9,27],"tags":[],"class_list":["post-30425","post","type-post","status-publish","format-standard","hentry","category-actualites-schaerbeekoises","category-mobilite","has-post-title","has-post-date","has-post-category","has-post-tag","has-post-comment","has-post-author",""],"builder_content":"<p><img loading=\"lazy\" decoding=\"async\" src=\"https:\/\/www.jeanpierrevangorp.info\/site\/wp-content\/uploads\/2024\/05\/6ZXBPLT5SJGJXOCEGDJCGZCJUQ-464x425.jpg\" alt=\"\" width=\"464\" height=\"425\" srcset=\"https:\/\/www.jeanpierrevangorp.info\/site\/wp-content\/uploads\/2024\/05\/6ZXBPLT5SJGJXOCEGDJCGZCJUQ-464x425.jpg 464w, https:\/\/www.jeanpierrevangorp.info\/site\/wp-content\/uploads\/2024\/05\/6ZXBPLT5SJGJXOCEGDJCGZCJUQ-1024x938.jpg 1024w, https:\/\/www.jeanpierrevangorp.info\/site\/wp-content\/uploads\/2024\/05\/6ZXBPLT5SJGJXOCEGDJCGZCJUQ-768x704.jpg 768w, https:\/\/www.jeanpierrevangorp.info\/site\/wp-content\/uploads\/2024\/05\/6ZXBPLT5SJGJXOCEGDJCGZCJUQ-1536x1408.jpg 1536w, https:\/\/www.jeanpierrevangorp.info\/site\/wp-content\/uploads\/2024\/05\/6ZXBPLT5SJGJXOCEGDJCGZCJUQ-2048x1877.jpg 2048w\" sizes=\"(max-width: 464px) 100vw, 464px\" \/><\/p><p>Le tram 25 est finalement \"sauv\u00e9\". L'annonce de sa suppression avait mobilis\u00e9 les collectifs citoyens de Schaerbeek ainsi que l<strong>'opposition PS-Les Engag\u00e9s<\/strong> avec une p\u00e9tition initi\u00e9e notamment par le <strong>conseiller communal Les Engag\u00e9s C\u00e9dric Mahieu.<\/strong><\/p><p>Etonnant d\u00e8s lors de voir les r\u00e9actions d'<strong>Ecolo Schaerbeek<\/strong> dont celle de <strong>l'\u00e9chevin Vincent Vanhalewyn<\/strong> se r\u00e9jouissant de ce qu'ils avaient d\u00e9cid\u00e9 de supprimer...<\/p>","_links":{"self":[{"href":"https:\/\/www.jeanpierrevangorp.info\/site\/wp-json\/wp\/v2\/posts\/30425"}],"collection":[{"href":"https:\/\/www.jeanpierrevangorp.info\/site\/wp-json\/wp\/v2\/posts"}],"about":[{"href":"https:\/\/www.jeanpierrevangorp.info\/site\/wp-json\/wp\/v2\/types\/post"}],"author":[{"embeddable":true,"href":"https:\/\/www.jeanpierrevangorp.info\/site\/wp-json\/wp\/v2\/users\/1"}],"replies":[{"embeddable":true,"href":"https:\/\/www.jeanpierrevangorp.info\/site\/wp-json\/wp\/v2\/comments?post=30425"}],"version-history":[{"count":1,"href":"https:\/\/www.jeanpierrevangorp.info\/site\/wp-json\/wp\/v2\/posts\/30425\/revisions"}],"predecessor-version":[{"id":30427,"href":"https:\/\/www.jeanpierrevangorp.info\/site\/wp-json\/wp\/v2\/posts\/30425\/revisions\/30427"}],"wp:attachment":[{"href":"https:\/\/www.jeanpierrevangorp.info\/site\/wp-json\/wp\/v2\/media?parent=30425"}],"wp:term":[{"taxonomy":"category","embeddable":true,"href":"https:\/\/www.jeanpierrevangorp.info\/site\/wp-json\/wp\/v2\/categories?post=30425"},{"taxonomy":"post_tag","embeddable":true,"href":"https:\/\/www.jeanpierrevangorp.info\/site\/wp-json\/wp\/v2\/tags?post=30425"}],"curies":[{"name":"wp","href":"https:\/\/api.w.org\/{rel}","templated":true}]}}