{"id":30702,"date":"2024-08-21T06:53:17","date_gmt":"2024-08-21T05:53:17","guid":{"rendered":"https:\/\/www.jeanpierrevangorp.info\/site\/?p=30702"},"modified":"2024-08-21T07:41:03","modified_gmt":"2024-08-21T06:41:03","slug":"depart-delias-ammi-un-seisme-pour-la-liste-du-bourgmestre","status":"publish","type":"post","link":"https:\/\/www.jeanpierrevangorp.info\/site\/depart-delias-ammi-un-seisme-pour-la-liste-du-bourgmestre\/","title":{"rendered":"D\u00e9part d&rsquo;Elias Ammi : un s\u00e9isme pour la Liste du Bourgmestre"},"content":{"rendered":"<!--themify_builder_content-->\n<div id=\"themify_builder_content-30702\" data-postid=\"30702\" class=\"themify_builder_content themify_builder_content-30702 themify_builder tf_clear\">\n                    <div  data-lazy=\"1\" class=\"module_row themify_builder_row tb_nxrd442 tb_first tf_w\">\n                        <div class=\"row_inner col_align_top tb_col_count_1 tf_box tf_rel\">\n                        <div  data-lazy=\"1\" class=\"module_column tb-column col-full tb_80rn442 first\">\n                    <!-- module text -->\n<div  class=\"module module-text tb_aua4993   \" data-lazy=\"1\">\n        <div  class=\"tb_text_wrap\">\n        <p><img loading=\"lazy\" decoding=\"async\" class=\"aligncenter size-medium wp-image-30703\" src=\"https:\/\/www.jeanpierrevangorp.info\/site\/wp-content\/uploads\/2024\/08\/393759380_10160563081971281_8360438874318051069_n-464x433.jpg\" alt=\"\" width=\"464\" height=\"433\" srcset=\"https:\/\/www.jeanpierrevangorp.info\/site\/wp-content\/uploads\/2024\/08\/393759380_10160563081971281_8360438874318051069_n-464x433.jpg 464w, https:\/\/www.jeanpierrevangorp.info\/site\/wp-content\/uploads\/2024\/08\/393759380_10160563081971281_8360438874318051069_n.jpg 735w\" sizes=\"(max-width: 464px) 100vw, 464px\" \/><\/p>\n<p>Bien que non \u00e9lu aux \u00e9lections communales 2018 o\u00f9 il avait enregistr\u00e9 un score personnel de 281 voix (ce qui est peu sur une liste de 17 si\u00e8ges), le d\u00e9part d&rsquo;<strong>Elias Ammi<\/strong> vers la <strong>team Fouad Ahidar<\/strong> est un v\u00e9ritable s\u00e9isme pour la <strong>Liste du Bourgmestre Bernard Clerfayt.<\/strong><\/p>\n<p><strong>Elias Ammi<\/strong> \u00e9tait en effet le pr\u00e9sident de la <strong>section D\u00e9fi locale<\/strong> et s&rsquo;affairait encore ces derniers jours avec les futurs candidats aux \u00e9lections communales du 13 octobre prochain.<\/p>\n<p>Le transfuge justifie son choix par le fait qu&rsquo;il ne se sentait plus en phase avec<strong> D\u00e9fi.<\/strong> On avait pu lire ss d\u00e9clarations lorsqu&rsquo;il s&rsquo;\u00e9tait pr\u00e9sent\u00e9 d\u00e9but juillet \u00e0 la<strong> pr\u00e9sidence de D\u00e9fi pour la R\u00e9gion bruxellois<\/strong>e (avant de se retirer du scrutin) : clairement on n&rsquo;\u00e9tait pas sur la m\u00eame longueur d&rsquo;onde que D\u00e9fi en termes de la\u00efcit\u00e9.<\/p>\n<p>Pour avoir \u00e9t\u00e9 pr\u00e9sident en son temps de la <strong>section D\u00e9fi de Schaerbeek (alors FDF)<\/strong>, il y a des militants engag\u00e9s depuis de tr\u00e8s longues ann\u00e9es. Cet eni\u00e8me d\u00e9part doit forc\u00e9ment miner le moral des troupes. Le score de D\u00e9fi \u00e0 la R\u00e9gion et au F\u00e9d\u00e9ral n&rsquo;a pas \u00e9t\u00e9 bon, les perspectives pour <strong>Schaerbeek<\/strong> ne le sont pas non plus.<\/p>\n<p>Mais cette situation est le r\u00e9sultat de mois et de mois au cours desquels au sein-m\u00eame de la <strong>Liste du Bourgmestre<\/strong>, des \u00e9lus n&rsquo;ont eu de cesse de tirer la sonnette d&rsquo;alarme. Le calice aura \u00e9t\u00e9 bu jusqu&rsquo;\u00e0 la lie.<\/p>\n<p>Les ambitions de la <strong>Team Fouad Ahidar<\/strong> sont grandes dans les communes o\u00f9 une liste a \u00e9t\u00e9 d\u00e9pos\u00e9e. Ne perdons pas de vue le programme de ce parti et ses postulats qui ne peuvent \u00eatre compatibles avec une gestion d\u00e9mocratique et la\u00efque de notre commune.<\/p>    <\/div>\n<\/div>\n<!-- \/module text -->        <\/div>\n                        <\/div>\n        <\/div>\n        <\/div>\n<!--\/themify_builder_content-->","protected":false},"excerpt":{"rendered":"<p>Bien que non \u00e9lu aux \u00e9lections communales 2018 o\u00f9 il avait enregistr\u00e9 un score personnel de 281 voix (ce qui est peu sur une liste de 17 si\u00e8ges), le d\u00e9part d&rsquo;Elias Ammi vers la team Fouad Ahidar est un v\u00e9ritable s\u00e9isme pour la Liste du Bourgmestre Bernard Clerfayt. Elias Ammi \u00e9tait en effet le pr\u00e9sident [&hellip;]<\/p>\n","protected":false},"author":1,"featured_media":0,"comment_status":"closed","ping_status":"closed","sticky":false,"template":"","format":"standard","meta":{"footnotes":""},"categories":[9,1],"tags":[],"class_list":["post-30702","post","type-post","status-publish","format-standard","hentry","category-actualites-schaerbeekoises","category-conseilcommunal","has-post-title","has-post-date","has-post-category","has-post-tag","has-post-comment","has-post-author",""],"builder_content":"<p><img loading=\"lazy\" decoding=\"async\" src=\"https:\/\/www.jeanpierrevangorp.info\/site\/wp-content\/uploads\/2024\/08\/393759380_10160563081971281_8360438874318051069_n-464x433.jpg\" alt=\"\" width=\"464\" height=\"433\" srcset=\"https:\/\/www.jeanpierrevangorp.info\/site\/wp-content\/uploads\/2024\/08\/393759380_10160563081971281_8360438874318051069_n-464x433.jpg 464w, https:\/\/www.jeanpierrevangorp.info\/site\/wp-content\/uploads\/2024\/08\/393759380_10160563081971281_8360438874318051069_n.jpg 735w\" sizes=\"(max-width: 464px) 100vw, 464px\" \/><\/p> <p>Bien que non \u00e9lu aux \u00e9lections communales 2018 o\u00f9 il avait enregistr\u00e9 un score personnel de 281 voix (ce qui est peu sur une liste de 17 si\u00e8ges), le d\u00e9part d'<strong>Elias Ammi<\/strong> vers la <strong>team Fouad Ahidar<\/strong> est un v\u00e9ritable s\u00e9isme pour la <strong>Liste du Bourgmestre Bernard Clerfayt.<\/strong><\/p> <p><strong>Elias Ammi<\/strong> \u00e9tait en effet le pr\u00e9sident de la <strong>section D\u00e9fi locale<\/strong> et s'affairait encore ces derniers jours avec les futurs candidats aux \u00e9lections communales du 13 octobre prochain.<\/p> <p>Le transfuge justifie son choix par le fait qu'il ne se sentait plus en phase avec<strong> D\u00e9fi.<\/strong> On avait pu lire ss d\u00e9clarations lorsqu'il s'\u00e9tait pr\u00e9sent\u00e9 d\u00e9but juillet \u00e0 la<strong> pr\u00e9sidence de D\u00e9fi pour la R\u00e9gion bruxellois<\/strong>e (avant de se retirer du scrutin) : clairement on n'\u00e9tait pas sur la m\u00eame longueur d'onde que D\u00e9fi en termes de la\u00efcit\u00e9.<\/p> <p>Pour avoir \u00e9t\u00e9 pr\u00e9sident en son temps de la <strong>section D\u00e9fi de Schaerbeek (alors FDF)<\/strong>, il y a des militants engag\u00e9s depuis de tr\u00e8s longues ann\u00e9es. Cet eni\u00e8me d\u00e9part doit forc\u00e9ment miner le moral des troupes. Le score de D\u00e9fi \u00e0 la R\u00e9gion et au F\u00e9d\u00e9ral n'a pas \u00e9t\u00e9 bon, les perspectives pour <strong>Schaerbeek<\/strong> ne le sont pas non plus.<\/p> <p>Mais cette situation est le r\u00e9sultat de mois et de mois au cours desquels au sein-m\u00eame de la <strong>Liste du Bourgmestre<\/strong>, des \u00e9lus n'ont eu de cesse de tirer la sonnette d'alarme. Le calice aura \u00e9t\u00e9 bu jusqu'\u00e0 la lie.<\/p> <p>Les ambitions de la <strong>Team Fouad Ahidar<\/strong> sont grandes dans les communes o\u00f9 une liste a \u00e9t\u00e9 d\u00e9pos\u00e9e. Ne perdons pas de vue le programme de ce parti et ses postulats qui ne peuvent \u00eatre compatibles avec une gestion d\u00e9mocratique et la\u00efque de notre commune.<\/p>","_links":{"self":[{"href":"https:\/\/www.jeanpierrevangorp.info\/site\/wp-json\/wp\/v2\/posts\/30702"}],"collection":[{"href":"https:\/\/www.jeanpierrevangorp.info\/site\/wp-json\/wp\/v2\/posts"}],"about":[{"href":"https:\/\/www.jeanpierrevangorp.info\/site\/wp-json\/wp\/v2\/types\/post"}],"author":[{"embeddable":true,"href":"https:\/\/www.jeanpierrevangorp.info\/site\/wp-json\/wp\/v2\/users\/1"}],"replies":[{"embeddable":true,"href":"https:\/\/www.jeanpierrevangorp.info\/site\/wp-json\/wp\/v2\/comments?post=30702"}],"version-history":[{"count":2,"href":"https:\/\/www.jeanpierrevangorp.info\/site\/wp-json\/wp\/v2\/posts\/30702\/revisions"}],"predecessor-version":[{"id":30712,"href":"https:\/\/www.jeanpierrevangorp.info\/site\/wp-json\/wp\/v2\/posts\/30702\/revisions\/30712"}],"wp:attachment":[{"href":"https:\/\/www.jeanpierrevangorp.info\/site\/wp-json\/wp\/v2\/media?parent=30702"}],"wp:term":[{"taxonomy":"category","embeddable":true,"href":"https:\/\/www.jeanpierrevangorp.info\/site\/wp-json\/wp\/v2\/categories?post=30702"},{"taxonomy":"post_tag","embeddable":true,"href":"https:\/\/www.jeanpierrevangorp.info\/site\/wp-json\/wp\/v2\/tags?post=30702"}],"curies":[{"name":"wp","href":"https:\/\/api.w.org\/{rel}","templated":true}]}}