{"id":30780,"date":"2024-09-07T10:09:20","date_gmt":"2024-09-07T09:09:20","guid":{"rendered":"https:\/\/www.jeanpierrevangorp.info\/site\/?p=30780"},"modified":"2024-09-07T10:09:21","modified_gmt":"2024-09-07T09:09:21","slug":"audrey-henry-tete-de-liste-mr-engages-schaerbeek","status":"publish","type":"post","link":"https:\/\/www.jeanpierrevangorp.info\/site\/audrey-henry-tete-de-liste-mr-engages-schaerbeek\/","title":{"rendered":"Audrey Henry t\u00eate de liste MR-Engag\u00e9s Schaerbeek"},"content":{"rendered":"<!--themify_builder_content-->\n<div id=\"themify_builder_content-30780\" data-postid=\"30780\" class=\"themify_builder_content themify_builder_content-30780 themify_builder tf_clear\">\n                    <div  data-lazy=\"1\" class=\"module_row themify_builder_row tb_a9a0574 tb_first tf_w\">\n                        <div class=\"row_inner col_align_top tb_col_count_1 tf_box tf_rel\">\n                        <div  data-lazy=\"1\" class=\"module_column tb-column col-full tb_xyoe574 first\">\n                    <!-- module text -->\n<div  class=\"module module-text tb_r6oj933   \" data-lazy=\"1\">\n        <div  class=\"tb_text_wrap\">\n        <p><img loading=\"lazy\" decoding=\"async\" class=\"aligncenter size-medium wp-image-30781\" src=\"https:\/\/www.jeanpierrevangorp.info\/site\/wp-content\/uploads\/2024\/09\/458732999_1000099725456016_1741449309087485055_n-464x309.jpg\" alt=\"\" width=\"464\" height=\"309\" srcset=\"https:\/\/www.jeanpierrevangorp.info\/site\/wp-content\/uploads\/2024\/09\/458732999_1000099725456016_1741449309087485055_n-464x309.jpg 464w, https:\/\/www.jeanpierrevangorp.info\/site\/wp-content\/uploads\/2024\/09\/458732999_1000099725456016_1741449309087485055_n-1024x683.jpg 1024w, https:\/\/www.jeanpierrevangorp.info\/site\/wp-content\/uploads\/2024\/09\/458732999_1000099725456016_1741449309087485055_n-768x512.jpg 768w, https:\/\/www.jeanpierrevangorp.info\/site\/wp-content\/uploads\/2024\/09\/458732999_1000099725456016_1741449309087485055_n-1536x1024.jpg 1536w, https:\/\/www.jeanpierrevangorp.info\/site\/wp-content\/uploads\/2024\/09\/458732999_1000099725456016_1741449309087485055_n.jpg 2048w\" sizes=\"(max-width: 464px) 100vw, 464px\" \/><\/p><p>Ce n&rsquo;est finalement pas comme annonc\u00e9 <strong>Hadja Lahbib<\/strong> qui sera t\u00eate de <strong>liste MR-Engag\u00e9s \u00e0 Schaerbeek<\/strong> mais <strong>Audrey Henry.<\/strong><\/p><p><img loading=\"lazy\" decoding=\"async\" class=\"aligncenter size-medium wp-image-30782\" src=\"https:\/\/www.jeanpierrevangorp.info\/site\/wp-content\/uploads\/2024\/09\/458394997_1000099752122680_8019270772223888000_n-464x309.jpg\" alt=\"\" width=\"464\" height=\"309\" srcset=\"https:\/\/www.jeanpierrevangorp.info\/site\/wp-content\/uploads\/2024\/09\/458394997_1000099752122680_8019270772223888000_n-464x309.jpg 464w, https:\/\/www.jeanpierrevangorp.info\/site\/wp-content\/uploads\/2024\/09\/458394997_1000099752122680_8019270772223888000_n-1024x683.jpg 1024w, https:\/\/www.jeanpierrevangorp.info\/site\/wp-content\/uploads\/2024\/09\/458394997_1000099752122680_8019270772223888000_n-768x512.jpg 768w, https:\/\/www.jeanpierrevangorp.info\/site\/wp-content\/uploads\/2024\/09\/458394997_1000099752122680_8019270772223888000_n-1536x1024.jpg 1536w, https:\/\/www.jeanpierrevangorp.info\/site\/wp-content\/uploads\/2024\/09\/458394997_1000099752122680_8019270772223888000_n.jpg 2048w\" sizes=\"(max-width: 464px) 100vw, 464px\" \/><\/p><p><strong>Hadja Lahbib<\/strong> s&rsquo;est retir\u00e9e apr\u00e8s avoir \u00e9t\u00e9 d\u00e9sign\u00e9e pour devenir commissaire europ\u00e9enne. Une d\u00e9cision qu&rsquo;il convient de souligner. Cela me fait d&rsquo;ailleurs bien sourire lorsque je vois qu&rsquo;une fois de plus la (tr\u00e8s mauvaise) communication de la <strong>Liste du Bourgmestre<\/strong> est de parler de manque de cr\u00e9dibilit\u00e9 !<\/p><p><img loading=\"lazy\" decoding=\"async\" class=\"aligncenter size-medium wp-image-30783\" src=\"https:\/\/www.jeanpierrevangorp.info\/site\/wp-content\/uploads\/2024\/09\/458087098_1000099825456006_3889299928800311051_n-464x309.jpg\" alt=\"\" width=\"464\" height=\"309\" srcset=\"https:\/\/www.jeanpierrevangorp.info\/site\/wp-content\/uploads\/2024\/09\/458087098_1000099825456006_3889299928800311051_n-464x309.jpg 464w, https:\/\/www.jeanpierrevangorp.info\/site\/wp-content\/uploads\/2024\/09\/458087098_1000099825456006_3889299928800311051_n-1024x683.jpg 1024w, https:\/\/www.jeanpierrevangorp.info\/site\/wp-content\/uploads\/2024\/09\/458087098_1000099825456006_3889299928800311051_n-768x512.jpg 768w, https:\/\/www.jeanpierrevangorp.info\/site\/wp-content\/uploads\/2024\/09\/458087098_1000099825456006_3889299928800311051_n-1536x1024.jpg 1536w, https:\/\/www.jeanpierrevangorp.info\/site\/wp-content\/uploads\/2024\/09\/458087098_1000099825456006_3889299928800311051_n.jpg 2048w\" sizes=\"(max-width: 464px) 100vw, 464px\" \/><\/p><p>Au moins <strong>Hadja Lahbib et le MR-Engag\u00e9s<\/strong> ont eu l&rsquo;honn\u00eatet\u00e9 de reconna\u00eetre que si elle \u00e9tait confirm\u00e9e par le Parlement europ\u00e9en au terme d&rsquo;un grand oral, il n&rsquo;\u00e9tait pas envisageable qu&rsquo;elle en attendant t\u00eate de liste.<\/p><p>Nous en connaissons d&rsquo;autres qui tonitruaient rester \u00e0 <strong>Schaerbeek<\/strong> qui par deux fois ont r\u00e9pondu \u00e0 d&rsquo;autres chants de sir\u00e8ne pour une p\u00e9riode cumul\u00e9e de 9 ans&#8230;<\/p><p><img loading=\"lazy\" decoding=\"async\" class=\"aligncenter size-medium wp-image-30784\" src=\"https:\/\/www.jeanpierrevangorp.info\/site\/wp-content\/uploads\/2024\/09\/458674046_913449204149159_8251379359427565512_n-464x203.jpg\" alt=\"\" width=\"464\" height=\"203\" srcset=\"https:\/\/www.jeanpierrevangorp.info\/site\/wp-content\/uploads\/2024\/09\/458674046_913449204149159_8251379359427565512_n-464x203.jpg 464w, https:\/\/www.jeanpierrevangorp.info\/site\/wp-content\/uploads\/2024\/09\/458674046_913449204149159_8251379359427565512_n-1024x449.jpg 1024w, https:\/\/www.jeanpierrevangorp.info\/site\/wp-content\/uploads\/2024\/09\/458674046_913449204149159_8251379359427565512_n-768x337.jpg 768w, https:\/\/www.jeanpierrevangorp.info\/site\/wp-content\/uploads\/2024\/09\/458674046_913449204149159_8251379359427565512_n-1536x674.jpg 1536w, https:\/\/www.jeanpierrevangorp.info\/site\/wp-content\/uploads\/2024\/09\/458674046_913449204149159_8251379359427565512_n.jpg 2048w\" sizes=\"(max-width: 464px) 100vw, 464px\" \/><\/p><p>C&rsquo;est donc <strong>Audrey Henry, pr\u00e9sidente des femmes MR de Schaerbeek<\/strong>, conseill\u00e8re du Ministre Clarinval, qui a aussi travaill\u00e9 pour <strong>Sophie Wilm\u00e8s<\/strong> lorsqu&rsquo;elle \u00e9tait Premi\u00e8re Ministre et aux Affaires \u00e9trang\u00e8res qui conduira cette liste d&rsquo;union.<\/p><p><strong>Audrey Henry<\/strong> s&rsquo;\u00e9tait pr\u00e9sent\u00e9e en deuxi\u00e8me place en suppl\u00e9ance aux \u00e9lections f\u00e9d\u00e9rales de juin 2024. Elle avait r\u00e9alis\u00e9 un score de 370 voix sur le canton de Schaerbeek.<\/p><p><strong>C\u00e9dric Mahieu (Les Engag\u00e9s)<\/strong> est deuxi\u00e8me de cette liste pouss\u00e9e par le <strong>pr\u00e9sident du MR local Yvan de Beauffort.<\/strong><\/p>    <\/div>\n<\/div>\n<!-- \/module text -->        <\/div>\n                        <\/div>\n        <\/div>\n        <\/div>\n<!--\/themify_builder_content-->","protected":false},"excerpt":{"rendered":"<p>Ce n&rsquo;est finalement pas comme annonc\u00e9 Hadja Lahbib qui sera t\u00eate de liste MR-Engag\u00e9s \u00e0 Schaerbeek mais Audrey Henry.Hadja Lahbib s&rsquo;est retir\u00e9e apr\u00e8s avoir \u00e9t\u00e9 d\u00e9sign\u00e9e pour devenir commissaire europ\u00e9enne. Une d\u00e9cision qu&rsquo;il convient de souligner. Cela me fait d&rsquo;ailleurs bien sourire lorsque je vois qu&rsquo;une fois de plus la (tr\u00e8s mauvaise) communication de la [&hellip;]<\/p>\n","protected":false},"author":1,"featured_media":0,"comment_status":"closed","ping_status":"closed","sticky":false,"template":"","format":"standard","meta":{"footnotes":""},"categories":[9,1],"tags":[],"class_list":["post-30780","post","type-post","status-publish","format-standard","hentry","category-actualites-schaerbeekoises","category-conseilcommunal","has-post-title","has-post-date","has-post-category","has-post-tag","has-post-comment","has-post-author",""],"builder_content":"<p><img loading=\"lazy\" decoding=\"async\" src=\"https:\/\/www.jeanpierrevangorp.info\/site\/wp-content\/uploads\/2024\/09\/458732999_1000099725456016_1741449309087485055_n-464x309.jpg\" alt=\"\" width=\"464\" height=\"309\" srcset=\"https:\/\/www.jeanpierrevangorp.info\/site\/wp-content\/uploads\/2024\/09\/458732999_1000099725456016_1741449309087485055_n-464x309.jpg 464w, https:\/\/www.jeanpierrevangorp.info\/site\/wp-content\/uploads\/2024\/09\/458732999_1000099725456016_1741449309087485055_n-1024x683.jpg 1024w, https:\/\/www.jeanpierrevangorp.info\/site\/wp-content\/uploads\/2024\/09\/458732999_1000099725456016_1741449309087485055_n-768x512.jpg 768w, https:\/\/www.jeanpierrevangorp.info\/site\/wp-content\/uploads\/2024\/09\/458732999_1000099725456016_1741449309087485055_n-1536x1024.jpg 1536w, https:\/\/www.jeanpierrevangorp.info\/site\/wp-content\/uploads\/2024\/09\/458732999_1000099725456016_1741449309087485055_n.jpg 2048w\" sizes=\"(max-width: 464px) 100vw, 464px\" \/><\/p><p>Ce n'est finalement pas comme annonc\u00e9 <strong>Hadja Lahbib<\/strong> qui sera t\u00eate de <strong>liste MR-Engag\u00e9s \u00e0 Schaerbeek<\/strong> mais <strong>Audrey Henry.<\/strong><\/p><p><img loading=\"lazy\" decoding=\"async\" src=\"https:\/\/www.jeanpierrevangorp.info\/site\/wp-content\/uploads\/2024\/09\/458394997_1000099752122680_8019270772223888000_n-464x309.jpg\" alt=\"\" width=\"464\" height=\"309\" srcset=\"https:\/\/www.jeanpierrevangorp.info\/site\/wp-content\/uploads\/2024\/09\/458394997_1000099752122680_8019270772223888000_n-464x309.jpg 464w, https:\/\/www.jeanpierrevangorp.info\/site\/wp-content\/uploads\/2024\/09\/458394997_1000099752122680_8019270772223888000_n-1024x683.jpg 1024w, https:\/\/www.jeanpierrevangorp.info\/site\/wp-content\/uploads\/2024\/09\/458394997_1000099752122680_8019270772223888000_n-768x512.jpg 768w, https:\/\/www.jeanpierrevangorp.info\/site\/wp-content\/uploads\/2024\/09\/458394997_1000099752122680_8019270772223888000_n-1536x1024.jpg 1536w, https:\/\/www.jeanpierrevangorp.info\/site\/wp-content\/uploads\/2024\/09\/458394997_1000099752122680_8019270772223888000_n.jpg 2048w\" sizes=\"(max-width: 464px) 100vw, 464px\" \/><\/p><p><strong>Hadja Lahbib<\/strong> s'est retir\u00e9e apr\u00e8s avoir \u00e9t\u00e9 d\u00e9sign\u00e9e pour devenir commissaire europ\u00e9enne. Une d\u00e9cision qu'il convient de souligner. Cela me fait d'ailleurs bien sourire lorsque je vois qu'une fois de plus la (tr\u00e8s mauvaise) communication de la <strong>Liste du Bourgmestre<\/strong> est de parler de manque de cr\u00e9dibilit\u00e9 !<\/p><p><img loading=\"lazy\" decoding=\"async\" src=\"https:\/\/www.jeanpierrevangorp.info\/site\/wp-content\/uploads\/2024\/09\/458087098_1000099825456006_3889299928800311051_n-464x309.jpg\" alt=\"\" width=\"464\" height=\"309\" srcset=\"https:\/\/www.jeanpierrevangorp.info\/site\/wp-content\/uploads\/2024\/09\/458087098_1000099825456006_3889299928800311051_n-464x309.jpg 464w, https:\/\/www.jeanpierrevangorp.info\/site\/wp-content\/uploads\/2024\/09\/458087098_1000099825456006_3889299928800311051_n-1024x683.jpg 1024w, https:\/\/www.jeanpierrevangorp.info\/site\/wp-content\/uploads\/2024\/09\/458087098_1000099825456006_3889299928800311051_n-768x512.jpg 768w, https:\/\/www.jeanpierrevangorp.info\/site\/wp-content\/uploads\/2024\/09\/458087098_1000099825456006_3889299928800311051_n-1536x1024.jpg 1536w, https:\/\/www.jeanpierrevangorp.info\/site\/wp-content\/uploads\/2024\/09\/458087098_1000099825456006_3889299928800311051_n.jpg 2048w\" sizes=\"(max-width: 464px) 100vw, 464px\" \/><\/p><p>Au moins <strong>Hadja Lahbib et le MR-Engag\u00e9s<\/strong> ont eu l'honn\u00eatet\u00e9 de reconna\u00eetre que si elle \u00e9tait confirm\u00e9e par le Parlement europ\u00e9en au terme d'un grand oral, il n'\u00e9tait pas envisageable qu'elle en attendant t\u00eate de liste.<\/p><p>Nous en connaissons d'autres qui tonitruaient rester \u00e0 <strong>Schaerbeek<\/strong> qui par deux fois ont r\u00e9pondu \u00e0 d'autres chants de sir\u00e8ne pour une p\u00e9riode cumul\u00e9e de 9 ans...<\/p><p><img loading=\"lazy\" decoding=\"async\" src=\"https:\/\/www.jeanpierrevangorp.info\/site\/wp-content\/uploads\/2024\/09\/458674046_913449204149159_8251379359427565512_n-464x203.jpg\" alt=\"\" width=\"464\" height=\"203\" srcset=\"https:\/\/www.jeanpierrevangorp.info\/site\/wp-content\/uploads\/2024\/09\/458674046_913449204149159_8251379359427565512_n-464x203.jpg 464w, https:\/\/www.jeanpierrevangorp.info\/site\/wp-content\/uploads\/2024\/09\/458674046_913449204149159_8251379359427565512_n-1024x449.jpg 1024w, https:\/\/www.jeanpierrevangorp.info\/site\/wp-content\/uploads\/2024\/09\/458674046_913449204149159_8251379359427565512_n-768x337.jpg 768w, https:\/\/www.jeanpierrevangorp.info\/site\/wp-content\/uploads\/2024\/09\/458674046_913449204149159_8251379359427565512_n-1536x674.jpg 1536w, https:\/\/www.jeanpierrevangorp.info\/site\/wp-content\/uploads\/2024\/09\/458674046_913449204149159_8251379359427565512_n.jpg 2048w\" sizes=\"(max-width: 464px) 100vw, 464px\" \/><\/p><p>C'est donc <strong>Audrey Henry, pr\u00e9sidente des femmes MR de Schaerbeek<\/strong>, conseill\u00e8re du Ministre Clarinval, qui a aussi travaill\u00e9 pour <strong>Sophie Wilm\u00e8s<\/strong> lorsqu'elle \u00e9tait Premi\u00e8re Ministre et aux Affaires \u00e9trang\u00e8res qui conduira cette liste d'union.<\/p><p><strong>Audrey Henry<\/strong> s'\u00e9tait pr\u00e9sent\u00e9e en deuxi\u00e8me place en suppl\u00e9ance aux \u00e9lections f\u00e9d\u00e9rales de juin 2024. Elle avait r\u00e9alis\u00e9 un score de 370 voix sur le canton de Schaerbeek.<\/p><p><strong>C\u00e9dric Mahieu (Les Engag\u00e9s)<\/strong> est deuxi\u00e8me de cette liste pouss\u00e9e par le <strong>pr\u00e9sident du MR local Yvan de Beauffort.<\/strong><\/p>","_links":{"self":[{"href":"https:\/\/www.jeanpierrevangorp.info\/site\/wp-json\/wp\/v2\/posts\/30780"}],"collection":[{"href":"https:\/\/www.jeanpierrevangorp.info\/site\/wp-json\/wp\/v2\/posts"}],"about":[{"href":"https:\/\/www.jeanpierrevangorp.info\/site\/wp-json\/wp\/v2\/types\/post"}],"author":[{"embeddable":true,"href":"https:\/\/www.jeanpierrevangorp.info\/site\/wp-json\/wp\/v2\/users\/1"}],"replies":[{"embeddable":true,"href":"https:\/\/www.jeanpierrevangorp.info\/site\/wp-json\/wp\/v2\/comments?post=30780"}],"version-history":[{"count":1,"href":"https:\/\/www.jeanpierrevangorp.info\/site\/wp-json\/wp\/v2\/posts\/30780\/revisions"}],"predecessor-version":[{"id":30785,"href":"https:\/\/www.jeanpierrevangorp.info\/site\/wp-json\/wp\/v2\/posts\/30780\/revisions\/30785"}],"wp:attachment":[{"href":"https:\/\/www.jeanpierrevangorp.info\/site\/wp-json\/wp\/v2\/media?parent=30780"}],"wp:term":[{"taxonomy":"category","embeddable":true,"href":"https:\/\/www.jeanpierrevangorp.info\/site\/wp-json\/wp\/v2\/categories?post=30780"},{"taxonomy":"post_tag","embeddable":true,"href":"https:\/\/www.jeanpierrevangorp.info\/site\/wp-json\/wp\/v2\/tags?post=30780"}],"curies":[{"name":"wp","href":"https:\/\/api.w.org\/{rel}","templated":true}]}}