{"id":30905,"date":"2024-10-07T06:13:58","date_gmt":"2024-10-07T05:13:58","guid":{"rendered":"https:\/\/www.jeanpierrevangorp.info\/site\/?p=30905"},"modified":"2024-10-07T06:13:59","modified_gmt":"2024-10-07T05:13:59","slug":"hasan-koyuncu-tete-de-liste-du-ps-de-scharbeek","status":"publish","type":"post","link":"https:\/\/www.jeanpierrevangorp.info\/site\/hasan-koyuncu-tete-de-liste-du-ps-de-scharbeek\/","title":{"rendered":"Hasan Koyuncu : t\u00eate de liste du PS de Scharbeek"},"content":{"rendered":"<!--themify_builder_content-->\n<div id=\"themify_builder_content-30905\" data-postid=\"30905\" class=\"themify_builder_content themify_builder_content-30905 themify_builder tf_clear\">\n                    <div  data-lazy=\"1\" class=\"module_row themify_builder_row tb_6zjb347 tb_first tf_w\">\n                        <div class=\"row_inner col_align_top tb_col_count_1 tf_box tf_rel\">\n                        <div  data-lazy=\"1\" class=\"module_column tb-column col-full tb_m2mn348 first\">\n                    <!-- module text -->\n<div  class=\"module module-text tb_z0ps558   \" data-lazy=\"1\">\n        <div  class=\"tb_text_wrap\">\n        <p><img loading=\"lazy\" decoding=\"async\" class=\"aligncenter size-medium wp-image-30906\" src=\"https:\/\/www.jeanpierrevangorp.info\/site\/wp-content\/uploads\/2024\/10\/462146745_951111727057914_7821510913365035176_n-464x389.jpg\" alt=\"\" width=\"464\" height=\"389\" srcset=\"https:\/\/www.jeanpierrevangorp.info\/site\/wp-content\/uploads\/2024\/10\/462146745_951111727057914_7821510913365035176_n-464x389.jpg 464w, https:\/\/www.jeanpierrevangorp.info\/site\/wp-content\/uploads\/2024\/10\/462146745_951111727057914_7821510913365035176_n-768x644.jpg 768w, https:\/\/www.jeanpierrevangorp.info\/site\/wp-content\/uploads\/2024\/10\/462146745_951111727057914_7821510913365035176_n.jpg 940w\" sizes=\"(max-width: 464px) 100vw, 464px\" \/><\/p><p><strong>Hasan Koyuncu<\/strong> est la t\u00eate de <strong>liste du PS de Schaerbeek<\/strong> et <strong>candidat bourgmestre.<\/strong> Tr\u00e8s actif dans l&rsquo;opposition au Conseil communal mais aussi en tant que d\u00e9put\u00e9 r\u00e9gional. De l&rsquo;avis-m\u00eame des autres candidats des autres formations, <strong>Hasan Koyuncu<\/strong> est d\u00e9crit comme une personne affable, gentille dans le sens noble du terme et homme de parole.<\/p>    <\/div>\n<\/div>\n<!-- \/module text -->        <\/div>\n                        <\/div>\n        <\/div>\n        <\/div>\n<!--\/themify_builder_content-->","protected":false},"excerpt":{"rendered":"<p>Hasan Koyuncu est la t\u00eate de liste du PS de Schaerbeek et candidat bourgmestre. Tr\u00e8s actif dans l&rsquo;opposition au Conseil communal mais aussi en tant que d\u00e9put\u00e9 r\u00e9gional. De l&rsquo;avis-m\u00eame des autres candidats des autres formations, Hasan Koyuncu est d\u00e9crit comme une personne affable, gentille dans le sens noble du terme et homme de parole.<\/p>\n","protected":false},"author":1,"featured_media":0,"comment_status":"closed","ping_status":"closed","sticky":false,"template":"","format":"standard","meta":{"footnotes":""},"categories":[9,28],"tags":[],"class_list":["post-30905","post","type-post","status-publish","format-standard","hentry","category-actualites-schaerbeekoises","category-ps-schaerbeek","has-post-title","has-post-date","has-post-category","has-post-tag","has-post-comment","has-post-author",""],"builder_content":"<p><img loading=\"lazy\" decoding=\"async\" src=\"https:\/\/www.jeanpierrevangorp.info\/site\/wp-content\/uploads\/2024\/10\/462146745_951111727057914_7821510913365035176_n-464x389.jpg\" alt=\"\" width=\"464\" height=\"389\" srcset=\"https:\/\/www.jeanpierrevangorp.info\/site\/wp-content\/uploads\/2024\/10\/462146745_951111727057914_7821510913365035176_n-464x389.jpg 464w, https:\/\/www.jeanpierrevangorp.info\/site\/wp-content\/uploads\/2024\/10\/462146745_951111727057914_7821510913365035176_n-768x644.jpg 768w, https:\/\/www.jeanpierrevangorp.info\/site\/wp-content\/uploads\/2024\/10\/462146745_951111727057914_7821510913365035176_n.jpg 940w\" sizes=\"(max-width: 464px) 100vw, 464px\" \/><\/p><p><strong>Hasan Koyuncu<\/strong> est la t\u00eate de <strong>liste du PS de Schaerbeek<\/strong> et <strong>candidat bourgmestre.<\/strong> Tr\u00e8s actif dans l'opposition au Conseil communal mais aussi en tant que d\u00e9put\u00e9 r\u00e9gional. De l'avis-m\u00eame des autres candidats des autres formations, <strong>Hasan Koyuncu<\/strong> est d\u00e9crit comme une personne affable, gentille dans le sens noble du terme et homme de parole.<\/p>","_links":{"self":[{"href":"https:\/\/www.jeanpierrevangorp.info\/site\/wp-json\/wp\/v2\/posts\/30905"}],"collection":[{"href":"https:\/\/www.jeanpierrevangorp.info\/site\/wp-json\/wp\/v2\/posts"}],"about":[{"href":"https:\/\/www.jeanpierrevangorp.info\/site\/wp-json\/wp\/v2\/types\/post"}],"author":[{"embeddable":true,"href":"https:\/\/www.jeanpierrevangorp.info\/site\/wp-json\/wp\/v2\/users\/1"}],"replies":[{"embeddable":true,"href":"https:\/\/www.jeanpierrevangorp.info\/site\/wp-json\/wp\/v2\/comments?post=30905"}],"version-history":[{"count":2,"href":"https:\/\/www.jeanpierrevangorp.info\/site\/wp-json\/wp\/v2\/posts\/30905\/revisions"}],"predecessor-version":[{"id":30908,"href":"https:\/\/www.jeanpierrevangorp.info\/site\/wp-json\/wp\/v2\/posts\/30905\/revisions\/30908"}],"wp:attachment":[{"href":"https:\/\/www.jeanpierrevangorp.info\/site\/wp-json\/wp\/v2\/media?parent=30905"}],"wp:term":[{"taxonomy":"category","embeddable":true,"href":"https:\/\/www.jeanpierrevangorp.info\/site\/wp-json\/wp\/v2\/categories?post=30905"},{"taxonomy":"post_tag","embeddable":true,"href":"https:\/\/www.jeanpierrevangorp.info\/site\/wp-json\/wp\/v2\/tags?post=30905"}],"curies":[{"name":"wp","href":"https:\/\/api.w.org\/{rel}","templated":true}]}}