{"id":30957,"date":"2024-10-15T12:06:32","date_gmt":"2024-10-15T11:06:32","guid":{"rendered":"https:\/\/www.jeanpierrevangorp.info\/site\/?p=30957"},"modified":"2024-10-15T12:10:23","modified_gmt":"2024-10-15T11:10:23","slug":"schaerbeek-la-vrai-chute","status":"publish","type":"post","link":"https:\/\/www.jeanpierrevangorp.info\/site\/schaerbeek-la-vrai-chute\/","title":{"rendered":"Schaerbeek : la vrai chute"},"content":{"rendered":"<!--themify_builder_content-->\n<div id=\"themify_builder_content-30957\" data-postid=\"30957\" class=\"themify_builder_content themify_builder_content-30957 themify_builder tf_clear\">\n                    <div  data-lazy=\"1\" class=\"module_row themify_builder_row tb_u5ai16 tb_first tf_w\">\n                        <div class=\"row_inner col_align_top tb_col_count_1 tf_box tf_rel\">\n                        <div  data-lazy=\"1\" class=\"module_column tb-column col-full tb_360w16 first\">\n                    <!-- module text -->\n<div  class=\"module module-text tb_vhcu607   \" data-lazy=\"1\">\n        <div  class=\"tb_text_wrap\">\n        <p><img loading=\"lazy\" decoding=\"async\" class=\"aligncenter size-medium wp-image-30958\" src=\"https:\/\/www.jeanpierrevangorp.info\/site\/wp-content\/uploads\/2024\/10\/c95bbcebaaf2c8f9ee428809a4ea3e0f-1350392163-464x261.jpg\" alt=\"\" width=\"464\" height=\"261\" srcset=\"https:\/\/www.jeanpierrevangorp.info\/site\/wp-content\/uploads\/2024\/10\/c95bbcebaaf2c8f9ee428809a4ea3e0f-1350392163-464x261.jpg 464w, https:\/\/www.jeanpierrevangorp.info\/site\/wp-content\/uploads\/2024\/10\/c95bbcebaaf2c8f9ee428809a4ea3e0f-1350392163-1024x575.jpg 1024w, https:\/\/www.jeanpierrevangorp.info\/site\/wp-content\/uploads\/2024\/10\/c95bbcebaaf2c8f9ee428809a4ea3e0f-1350392163-768x432.jpg 768w, https:\/\/www.jeanpierrevangorp.info\/site\/wp-content\/uploads\/2024\/10\/c95bbcebaaf2c8f9ee428809a4ea3e0f-1350392163-1536x863.jpg 1536w, https:\/\/www.jeanpierrevangorp.info\/site\/wp-content\/uploads\/2024\/10\/c95bbcebaaf2c8f9ee428809a4ea3e0f-1350392163.jpg 1920w\" sizes=\"(max-width: 464px) 100vw, 464px\" \/><\/p><p>Il ne fallait pas \u00eatre grand proph\u00e8te que pour supposer que la<strong> Liste du Bourgmestre \u00e0 Schaerbeek<\/strong> n\u2019allait pas r\u00e9\u00e9diter ses scores des \u00e9lections de 2006 \u00e0 2018 (photo de 2012).<\/p><p>Forte de ses<strong> 17 si\u00e8ges,<\/strong> elle avait ratifi\u00e9 son accord pr\u00e9-\u00e9lectoral avec <strong>Ecolo\/Groen<\/strong> aux<strong> \u00e9lections de 2018<\/strong>. Depuis la majorit\u00e9 n\u2019a eu de cesse dans les rangs de la <strong>Liste du Bourgmestre (LB)<\/strong> de voir ses \u00e9lus la quitter avec plus ou moins de fracas.<\/p><p><strong>Yusuf Yildiz et Emel K\u00f6se<\/strong> ouvrant le bal d\u00e8s le d\u00e9but. Ils sont aujourd\u2019hui <strong>\u00e9lus PS et MR\/Engag\u00e9s. \u00a0<\/strong><\/p><p>Ces derni\u00e8res semaines de campagne, on pouvait clairement au contact des citoyens, percevoir un <strong>rejet de la LB<\/strong> au pouvoir depuis 24 ans. C\u2019est d\u2019ailleurs sur cette long\u00e9vit\u00e9 et ses diff\u00e9rentes actions entreprises depuis lors que <strong>Bernard Clerfayt<\/strong> et ses colistiers esp\u00e9raient inverser la tendance.<\/p><p>Mais le ras-le-bol populaire \u00e9tait bien ancr\u00e9 chez l\u2019\u00e9lecteur. S\u2019il y a en effet un bilan indiscutable dans diff\u00e9rents domaines en partie gr\u00e2ce aux subventions pour les contrats de quartier, les 3 derni\u00e8res ann\u00e9es, ont \u00e9t\u00e9 le d\u00e9but d\u2019un naufrage sans fin. \u00a0\u00a0\u00a0<\/p><p>D\u00e9part en cascade d\u2019\u00e9lus, les mesures impopulaires de <strong>Good Mov<\/strong>e, une gestion insens\u00e9e des deniers publics, une rage taxatoire la plus importante du royaume. La coupe \u00e9tait pleine.<\/p><p><img loading=\"lazy\" decoding=\"async\" class=\"aligncenter size-medium wp-image-30959\" src=\"https:\/\/www.jeanpierrevangorp.info\/site\/wp-content\/uploads\/2024\/10\/600543bb273822.39623845-464x319.webp\" alt=\"\" width=\"464\" height=\"319\" srcset=\"https:\/\/www.jeanpierrevangorp.info\/site\/wp-content\/uploads\/2024\/10\/600543bb273822.39623845-464x319.webp 464w, https:\/\/www.jeanpierrevangorp.info\/site\/wp-content\/uploads\/2024\/10\/600543bb273822.39623845-1024x704.webp 1024w, https:\/\/www.jeanpierrevangorp.info\/site\/wp-content\/uploads\/2024\/10\/600543bb273822.39623845-768x528.webp 768w, https:\/\/www.jeanpierrevangorp.info\/site\/wp-content\/uploads\/2024\/10\/600543bb273822.39623845.webp 1100w\" sizes=\"(max-width: 464px) 100vw, 464px\" \/><\/p><p>Mais du c\u00f4t\u00e9 de la <strong>LB<\/strong> visiblement la perception des choses \u00e9tait autre. On en venait m\u00eame \u00e0 faire son petit Calim\u00e9ro, se plaignant des autres listes.<\/p><p>Apr\u00e8s la diffusion d\u2019un tract (dans certains quartiers) attaquant B<strong>ernard Clerfay<\/strong>t comme islamophobe, toute la <strong>LB<\/strong> s\u2019\u00e9tait lev\u00e9e pour d\u00e9noncer une campagne qui touchait le fond.<\/p><p><img loading=\"lazy\" decoding=\"async\" class=\"aligncenter size-medium wp-image-30941\" src=\"https:\/\/www.jeanpierrevangorp.info\/site\/wp-content\/uploads\/2024\/10\/462743686_10162999732275839_999754902007031266_n-464x348.jpg\" alt=\"\" width=\"464\" height=\"348\" srcset=\"https:\/\/www.jeanpierrevangorp.info\/site\/wp-content\/uploads\/2024\/10\/462743686_10162999732275839_999754902007031266_n-464x348.jpg 464w, https:\/\/www.jeanpierrevangorp.info\/site\/wp-content\/uploads\/2024\/10\/462743686_10162999732275839_999754902007031266_n-1024x768.jpg 1024w, https:\/\/www.jeanpierrevangorp.info\/site\/wp-content\/uploads\/2024\/10\/462743686_10162999732275839_999754902007031266_n-768x576.jpg 768w, https:\/\/www.jeanpierrevangorp.info\/site\/wp-content\/uploads\/2024\/10\/462743686_10162999732275839_999754902007031266_n-1536x1152.jpg 1536w, https:\/\/www.jeanpierrevangorp.info\/site\/wp-content\/uploads\/2024\/10\/462743686_10162999732275839_999754902007031266_n.jpg 2048w\" sizes=\"(max-width: 464px) 100vw, 464px\" \/><\/p><p>Deux jours plus tard, la m\u00eame<strong> LB<\/strong> diffusait un tract d\u2019une rare violence pour bien ouvrir les yeux de l\u2019\u00e9lecteur sur les dangers de ses choix s\u2019il venait \u00e0 voter pour le <strong>PS (communautariste), MR-Engag\u00e9s (inexp\u00e9riment\u00e9) et Ecolo-Groen (dogmatique).<\/strong> Rien de moins.<\/p><p>Au soir du 13 octobre, la sentence est tomb\u00e9e. La<strong> LB<\/strong> n\u2019avait plus que<strong> 6 si\u00e8ges au lieu de 17.<\/strong> Soyons de bon compte avec les candidats en pr\u00e9sence, il \u00e9tait inenvisageable de r\u00e9\u00e9diter pareil r\u00e9sultat.<\/p><p>Les faiseurs de voix n\u2019\u00e9taient plus\u00a0: <strong>Etienne No\u00ebl, Bernard Guillaume, Saddik Koksal, Lorraine de Fierlant, Sophie Querton, Yusuf Yildiz, Emel K\u00f6se, Emel Dogancan ou encore Michel De Herde.<\/strong> \u00a0\u00a0\u00a0\u00a0\u00a0\u00a0\u00a0<\/p><p>6 \u00e9lus tirant in extremis leur \u00e9pingle du jeu\u00a0: <strong>Bernard Clerfayt<\/strong> (meilleur score qu\u2019en juin dernier au r\u00e9gionale sur la commune) avec<strong> 2620 voix<\/strong> (<strong>Audrey Henry<\/strong> t\u00eate de l<strong>iste MR-Engag\u00e9<\/strong>s faisant de son c\u00f4t\u00e9 2 voix de moins pour situer), les<strong> \u00e9chevins Deborah Lorenzino, Fr\u00e9d\u00e9ric Nimal, Quentin van den Hove 718, 853 et 690<\/strong>.<\/p><p>Le conseiller communal sortan<strong>t Emin Ozkara<\/strong> (qui n\u2019a pas \u00e9t\u00e9 r\u00e9\u00e9lu \u00e0 la R\u00e9gion) n\u2019engrangeant plus que <strong>618 voix<\/strong> et fermant la marche<strong> C\u00e9cile Jodogne ex-bourgmestre ff<\/strong> lors de cette mandature avec<strong> 516<\/strong>\u2026<\/p><p>On nuancera dans les rangs de la <strong>LB<\/strong> avec la chute g\u00e9n\u00e9rale de D\u00e9fi en R\u00e9gion bruxelloise et sur les campagnes calomnieuses des autres partis. De mon point de vue, les autres partis se sont concentr\u00e9s sur leur programme, point \u00e0 la ligne. Pas besoin de d\u00e9nigrer l\u2019autre.<\/p><p><img loading=\"lazy\" decoding=\"async\" class=\"aligncenter size-full wp-image-30960\" src=\"https:\/\/www.jeanpierrevangorp.info\/site\/wp-content\/uploads\/2024\/10\/images.png\" alt=\"\" width=\"225\" height=\"225\" srcset=\"https:\/\/www.jeanpierrevangorp.info\/site\/wp-content\/uploads\/2024\/10\/images.png 225w, https:\/\/www.jeanpierrevangorp.info\/site\/wp-content\/uploads\/2024\/10\/images-150x150.png 150w\" sizes=\"(max-width: 225px) 100vw, 225px\" \/><\/p><p>La <strong>LB<\/strong> s\u2019est sabord\u00e9e toute seule depuis 3 ans, coup\u00e9e de la r\u00e9alit\u00e9 de terrain de son \u00e9lectorat, en soutenant des projets dans la veine <strong>d\u2019Ecolo-Groen<\/strong> qui n\u2019en demandait probablement pas autant.<\/p><p>Je suis bien plac\u00e9 pour savoir qu\u2019il y a des lendemains qui ne sont pas des lendemains de victoire. Il convient pour se reconstruite de s\u2019introspecter sinc\u00e8rement sans rejeter la faute sur les autres (partis).<\/p><p>En 2012, la <strong>LB<\/strong> (qui pourtant n\u2019aime pas quand elle en est la cible) avait diffus\u00e9 une adaptation parodique de l\u2019excellent film \u00ab La chute \u00bb mettant en sayn\u00e8te le<strong> PS de la R\u00e9gion bruxelloise<\/strong> avec des focus sur <strong>Laurette Onkelinx \u00e0 Schaerbeek. \u00a0\u00a0\u00a0\u00a0\u00a0\u00a0\u00a0\u00a0\u00a0\u00a0<\/strong><\/p><p>Cette chute pour le<strong> PS<\/strong> \u00e9tait (\u00e0 mon sens de mauvais go\u00fbt) parodique. Cette chute de la <strong>LB du 13 octobre 2024 \u00e0 Schaerbeek<\/strong> est une r\u00e9alit\u00e9.\u00a0\u00a0<\/p>    <\/div>\n<\/div>\n<!-- \/module text -->        <\/div>\n                        <\/div>\n        <\/div>\n        <\/div>\n<!--\/themify_builder_content-->","protected":false},"excerpt":{"rendered":"<p>Il ne fallait pas \u00eatre grand proph\u00e8te que pour supposer que la Liste du Bourgmestre \u00e0 Schaerbeek n\u2019allait pas r\u00e9\u00e9diter ses scores des \u00e9lections de 2006 \u00e0 2018 (photo de 2012).Forte de ses 17 si\u00e8ges, elle avait ratifi\u00e9 son accord pr\u00e9-\u00e9lectoral avec Ecolo\/Groen aux \u00e9lections de 2018. Depuis la majorit\u00e9 n\u2019a eu de cesse dans [&hellip;]<\/p>\n","protected":false},"author":1,"featured_media":0,"comment_status":"closed","ping_status":"closed","sticky":false,"template":"","format":"standard","meta":{"footnotes":""},"categories":[9],"tags":[],"class_list":["post-30957","post","type-post","status-publish","format-standard","hentry","category-actualites-schaerbeekoises","has-post-title","has-post-date","has-post-category","has-post-tag","has-post-comment","has-post-author",""],"builder_content":"<p><img loading=\"lazy\" decoding=\"async\" src=\"https:\/\/www.jeanpierrevangorp.info\/site\/wp-content\/uploads\/2024\/10\/c95bbcebaaf2c8f9ee428809a4ea3e0f-1350392163-464x261.jpg\" alt=\"\" width=\"464\" height=\"261\" srcset=\"https:\/\/www.jeanpierrevangorp.info\/site\/wp-content\/uploads\/2024\/10\/c95bbcebaaf2c8f9ee428809a4ea3e0f-1350392163-464x261.jpg 464w, https:\/\/www.jeanpierrevangorp.info\/site\/wp-content\/uploads\/2024\/10\/c95bbcebaaf2c8f9ee428809a4ea3e0f-1350392163-1024x575.jpg 1024w, https:\/\/www.jeanpierrevangorp.info\/site\/wp-content\/uploads\/2024\/10\/c95bbcebaaf2c8f9ee428809a4ea3e0f-1350392163-768x432.jpg 768w, https:\/\/www.jeanpierrevangorp.info\/site\/wp-content\/uploads\/2024\/10\/c95bbcebaaf2c8f9ee428809a4ea3e0f-1350392163-1536x863.jpg 1536w, https:\/\/www.jeanpierrevangorp.info\/site\/wp-content\/uploads\/2024\/10\/c95bbcebaaf2c8f9ee428809a4ea3e0f-1350392163.jpg 1920w\" sizes=\"(max-width: 464px) 100vw, 464px\" \/><\/p><p>Il ne fallait pas \u00eatre grand proph\u00e8te que pour supposer que la<strong> Liste du Bourgmestre \u00e0 Schaerbeek<\/strong> n\u2019allait pas r\u00e9\u00e9diter ses scores des \u00e9lections de 2006 \u00e0 2018 (photo de 2012).<\/p><p>Forte de ses<strong> 17 si\u00e8ges,<\/strong> elle avait ratifi\u00e9 son accord pr\u00e9-\u00e9lectoral avec <strong>Ecolo\/Groen<\/strong> aux<strong> \u00e9lections de 2018<\/strong>. Depuis la majorit\u00e9 n\u2019a eu de cesse dans les rangs de la <strong>Liste du Bourgmestre (LB)<\/strong> de voir ses \u00e9lus la quitter avec plus ou moins de fracas.<\/p><p><strong>Yusuf Yildiz et Emel K\u00f6se<\/strong> ouvrant le bal d\u00e8s le d\u00e9but. Ils sont aujourd\u2019hui <strong>\u00e9lus PS et MR\/Engag\u00e9s. \u00a0<\/strong><\/p><p>Ces derni\u00e8res semaines de campagne, on pouvait clairement au contact des citoyens, percevoir un <strong>rejet de la LB<\/strong> au pouvoir depuis 24 ans. C\u2019est d\u2019ailleurs sur cette long\u00e9vit\u00e9 et ses diff\u00e9rentes actions entreprises depuis lors que <strong>Bernard Clerfayt<\/strong> et ses colistiers esp\u00e9raient inverser la tendance.<\/p><p>Mais le ras-le-bol populaire \u00e9tait bien ancr\u00e9 chez l\u2019\u00e9lecteur. S\u2019il y a en effet un bilan indiscutable dans diff\u00e9rents domaines en partie gr\u00e2ce aux subventions pour les contrats de quartier, les 3 derni\u00e8res ann\u00e9es, ont \u00e9t\u00e9 le d\u00e9but d\u2019un naufrage sans fin. \u00a0\u00a0\u00a0<\/p><p>D\u00e9part en cascade d\u2019\u00e9lus, les mesures impopulaires de <strong>Good Mov<\/strong>e, une gestion insens\u00e9e des deniers publics, une rage taxatoire la plus importante du royaume. La coupe \u00e9tait pleine.<\/p><p><img loading=\"lazy\" decoding=\"async\" src=\"https:\/\/www.jeanpierrevangorp.info\/site\/wp-content\/uploads\/2024\/10\/600543bb273822.39623845-464x319.webp\" alt=\"\" width=\"464\" height=\"319\" srcset=\"https:\/\/www.jeanpierrevangorp.info\/site\/wp-content\/uploads\/2024\/10\/600543bb273822.39623845-464x319.webp 464w, https:\/\/www.jeanpierrevangorp.info\/site\/wp-content\/uploads\/2024\/10\/600543bb273822.39623845-1024x704.webp 1024w, https:\/\/www.jeanpierrevangorp.info\/site\/wp-content\/uploads\/2024\/10\/600543bb273822.39623845-768x528.webp 768w, https:\/\/www.jeanpierrevangorp.info\/site\/wp-content\/uploads\/2024\/10\/600543bb273822.39623845.webp 1100w\" sizes=\"(max-width: 464px) 100vw, 464px\" \/><\/p><p>Mais du c\u00f4t\u00e9 de la <strong>LB<\/strong> visiblement la perception des choses \u00e9tait autre. On en venait m\u00eame \u00e0 faire son petit Calim\u00e9ro, se plaignant des autres listes.<\/p><p>Apr\u00e8s la diffusion d\u2019un tract (dans certains quartiers) attaquant B<strong>ernard Clerfay<\/strong>t comme islamophobe, toute la <strong>LB<\/strong> s\u2019\u00e9tait lev\u00e9e pour d\u00e9noncer une campagne qui touchait le fond.<\/p><p><img loading=\"lazy\" decoding=\"async\" src=\"https:\/\/www.jeanpierrevangorp.info\/site\/wp-content\/uploads\/2024\/10\/462743686_10162999732275839_999754902007031266_n-464x348.jpg\" alt=\"\" width=\"464\" height=\"348\" srcset=\"https:\/\/www.jeanpierrevangorp.info\/site\/wp-content\/uploads\/2024\/10\/462743686_10162999732275839_999754902007031266_n-464x348.jpg 464w, https:\/\/www.jeanpierrevangorp.info\/site\/wp-content\/uploads\/2024\/10\/462743686_10162999732275839_999754902007031266_n-1024x768.jpg 1024w, https:\/\/www.jeanpierrevangorp.info\/site\/wp-content\/uploads\/2024\/10\/462743686_10162999732275839_999754902007031266_n-768x576.jpg 768w, https:\/\/www.jeanpierrevangorp.info\/site\/wp-content\/uploads\/2024\/10\/462743686_10162999732275839_999754902007031266_n-1536x1152.jpg 1536w, https:\/\/www.jeanpierrevangorp.info\/site\/wp-content\/uploads\/2024\/10\/462743686_10162999732275839_999754902007031266_n.jpg 2048w\" sizes=\"(max-width: 464px) 100vw, 464px\" \/><\/p><p>Deux jours plus tard, la m\u00eame<strong> LB<\/strong> diffusait un tract d\u2019une rare violence pour bien ouvrir les yeux de l\u2019\u00e9lecteur sur les dangers de ses choix s\u2019il venait \u00e0 voter pour le <strong>PS (communautariste), MR-Engag\u00e9s (inexp\u00e9riment\u00e9) et Ecolo-Groen (dogmatique).<\/strong> Rien de moins.<\/p><p>Au soir du 13 octobre, la sentence est tomb\u00e9e. La<strong> LB<\/strong> n\u2019avait plus que<strong> 6 si\u00e8ges au lieu de 17.<\/strong> Soyons de bon compte avec les candidats en pr\u00e9sence, il \u00e9tait inenvisageable de r\u00e9\u00e9diter pareil r\u00e9sultat.<\/p><p>Les faiseurs de voix n\u2019\u00e9taient plus\u00a0: <strong>Etienne No\u00ebl, Bernard Guillaume, Saddik Koksal, Lorraine de Fierlant, Sophie Querton, Yusuf Yildiz, Emel K\u00f6se, Emel Dogancan ou encore Michel De Herde.<\/strong> \u00a0\u00a0\u00a0\u00a0\u00a0\u00a0\u00a0<\/p><p>6 \u00e9lus tirant in extremis leur \u00e9pingle du jeu\u00a0: <strong>Bernard Clerfayt<\/strong> (meilleur score qu\u2019en juin dernier au r\u00e9gionale sur la commune) avec<strong> 2620 voix<\/strong> (<strong>Audrey Henry<\/strong> t\u00eate de l<strong>iste MR-Engag\u00e9<\/strong>s faisant de son c\u00f4t\u00e9 2 voix de moins pour situer), les<strong> \u00e9chevins Deborah Lorenzino, Fr\u00e9d\u00e9ric Nimal, Quentin van den Hove 718, 853 et 690<\/strong>.<\/p><p>Le conseiller communal sortan<strong>t Emin Ozkara<\/strong> (qui n\u2019a pas \u00e9t\u00e9 r\u00e9\u00e9lu \u00e0 la R\u00e9gion) n\u2019engrangeant plus que <strong>618 voix<\/strong> et fermant la marche<strong> C\u00e9cile Jodogne ex-bourgmestre ff<\/strong> lors de cette mandature avec<strong> 516<\/strong>\u2026<\/p><p>On nuancera dans les rangs de la <strong>LB<\/strong> avec la chute g\u00e9n\u00e9rale de D\u00e9fi en R\u00e9gion bruxelloise et sur les campagnes calomnieuses des autres partis. De mon point de vue, les autres partis se sont concentr\u00e9s sur leur programme, point \u00e0 la ligne. Pas besoin de d\u00e9nigrer l\u2019autre.<\/p><p><img loading=\"lazy\" decoding=\"async\" src=\"https:\/\/www.jeanpierrevangorp.info\/site\/wp-content\/uploads\/2024\/10\/images.png\" alt=\"\" width=\"225\" height=\"225\" srcset=\"https:\/\/www.jeanpierrevangorp.info\/site\/wp-content\/uploads\/2024\/10\/images.png 225w, https:\/\/www.jeanpierrevangorp.info\/site\/wp-content\/uploads\/2024\/10\/images-150x150.png 150w\" sizes=\"(max-width: 225px) 100vw, 225px\" \/><\/p><p>La <strong>LB<\/strong> s\u2019est sabord\u00e9e toute seule depuis 3 ans, coup\u00e9e de la r\u00e9alit\u00e9 de terrain de son \u00e9lectorat, en soutenant des projets dans la veine <strong>d\u2019Ecolo-Groen<\/strong> qui n\u2019en demandait probablement pas autant.<\/p><p>Je suis bien plac\u00e9 pour savoir qu\u2019il y a des lendemains qui ne sont pas des lendemains de victoire. Il convient pour se reconstruite de s\u2019introspecter sinc\u00e8rement sans rejeter la faute sur les autres (partis).<\/p><p>En 2012, la <strong>LB<\/strong> (qui pourtant n\u2019aime pas quand elle en est la cible) avait diffus\u00e9 une adaptation parodique de l\u2019excellent film \u00ab La chute \u00bb mettant en sayn\u00e8te le<strong> PS de la R\u00e9gion bruxelloise<\/strong> avec des focus sur <strong>Laurette Onkelinx \u00e0 Schaerbeek. \u00a0\u00a0\u00a0\u00a0\u00a0\u00a0\u00a0\u00a0\u00a0\u00a0<\/strong><\/p><p>Cette chute pour le<strong> PS<\/strong> \u00e9tait (\u00e0 mon sens de mauvais go\u00fbt) parodique. Cette chute de la <strong>LB du 13 octobre 2024 \u00e0 Schaerbeek<\/strong> est une r\u00e9alit\u00e9.\u00a0\u00a0<\/p>","_links":{"self":[{"href":"https:\/\/www.jeanpierrevangorp.info\/site\/wp-json\/wp\/v2\/posts\/30957"}],"collection":[{"href":"https:\/\/www.jeanpierrevangorp.info\/site\/wp-json\/wp\/v2\/posts"}],"about":[{"href":"https:\/\/www.jeanpierrevangorp.info\/site\/wp-json\/wp\/v2\/types\/post"}],"author":[{"embeddable":true,"href":"https:\/\/www.jeanpierrevangorp.info\/site\/wp-json\/wp\/v2\/users\/1"}],"replies":[{"embeddable":true,"href":"https:\/\/www.jeanpierrevangorp.info\/site\/wp-json\/wp\/v2\/comments?post=30957"}],"version-history":[{"count":2,"href":"https:\/\/www.jeanpierrevangorp.info\/site\/wp-json\/wp\/v2\/posts\/30957\/revisions"}],"predecessor-version":[{"id":30962,"href":"https:\/\/www.jeanpierrevangorp.info\/site\/wp-json\/wp\/v2\/posts\/30957\/revisions\/30962"}],"wp:attachment":[{"href":"https:\/\/www.jeanpierrevangorp.info\/site\/wp-json\/wp\/v2\/media?parent=30957"}],"wp:term":[{"taxonomy":"category","embeddable":true,"href":"https:\/\/www.jeanpierrevangorp.info\/site\/wp-json\/wp\/v2\/categories?post=30957"},{"taxonomy":"post_tag","embeddable":true,"href":"https:\/\/www.jeanpierrevangorp.info\/site\/wp-json\/wp\/v2\/tags?post=30957"}],"curies":[{"name":"wp","href":"https:\/\/api.w.org\/{rel}","templated":true}]}}