{"id":31013,"date":"2024-11-11T08:55:26","date_gmt":"2024-11-11T07:55:26","guid":{"rendered":"https:\/\/www.jeanpierrevangorp.info\/site\/?p=31013"},"modified":"2024-11-11T08:55:27","modified_gmt":"2024-11-11T07:55:27","slug":"hommage-a-linspecteur-thomas-monjoie","status":"publish","type":"post","link":"https:\/\/www.jeanpierrevangorp.info\/site\/hommage-a-linspecteur-thomas-monjoie\/","title":{"rendered":"Hommage \u00e0 l&rsquo;inspecteur Thomas Monjoie"},"content":{"rendered":"<!--themify_builder_content-->\n<div id=\"themify_builder_content-31013\" data-postid=\"31013\" class=\"themify_builder_content themify_builder_content-31013 themify_builder tf_clear\">\n                    <div  data-lazy=\"1\" class=\"module_row themify_builder_row tb_n0y4467 tb_first tf_w\">\n                        <div class=\"row_inner col_align_top tb_col_count_1 tf_box tf_rel\">\n                        <div  data-lazy=\"1\" class=\"module_column tb-column col-full tb_mizm467 first\">\n                    <!-- module text -->\n<div  class=\"module module-text tb_j5hz441   \" data-lazy=\"1\">\n        <div  class=\"tb_text_wrap\">\n        <p><img loading=\"lazy\" decoding=\"async\" class=\"aligncenter size-medium wp-image-31014\" src=\"https:\/\/www.jeanpierrevangorp.info\/site\/wp-content\/uploads\/2024\/11\/466117559_3872191236355224_8614023577904644933_n-348x464.jpg\" alt=\"\" width=\"348\" height=\"464\" srcset=\"https:\/\/www.jeanpierrevangorp.info\/site\/wp-content\/uploads\/2024\/11\/466117559_3872191236355224_8614023577904644933_n-348x464.jpg 348w, https:\/\/www.jeanpierrevangorp.info\/site\/wp-content\/uploads\/2024\/11\/466117559_3872191236355224_8614023577904644933_n-768x1024.jpg 768w, https:\/\/www.jeanpierrevangorp.info\/site\/wp-content\/uploads\/2024\/11\/466117559_3872191236355224_8614023577904644933_n-1152x1536.jpg 1152w, https:\/\/www.jeanpierrevangorp.info\/site\/wp-content\/uploads\/2024\/11\/466117559_3872191236355224_8614023577904644933_n.jpg 1200w\" sizes=\"(max-width: 348px) 100vw, 348px\" \/><\/p><p><strong>Rue de Brabant<\/strong> un hommage a \u00e9t\u00e9 rendu \u00e0<strong> l&rsquo;inspecteur de police Thomas Monjoie<\/strong> tu\u00e9 dans l&rsquo;exercice de ses fonctions il y a deux ans.<\/p><p><img loading=\"lazy\" decoding=\"async\" class=\"aligncenter size-medium wp-image-31015\" src=\"https:\/\/www.jeanpierrevangorp.info\/site\/wp-content\/uploads\/2024\/11\/466343064_3872131889694492_711263593903913900_n-282x464.jpg\" alt=\"\" width=\"282\" height=\"464\" srcset=\"https:\/\/www.jeanpierrevangorp.info\/site\/wp-content\/uploads\/2024\/11\/466343064_3872131889694492_711263593903913900_n-282x464.jpg 282w, https:\/\/www.jeanpierrevangorp.info\/site\/wp-content\/uploads\/2024\/11\/466343064_3872131889694492_711263593903913900_n-623x1024.jpg 623w, https:\/\/www.jeanpierrevangorp.info\/site\/wp-content\/uploads\/2024\/11\/466343064_3872131889694492_711263593903913900_n-768x1262.jpg 768w, https:\/\/www.jeanpierrevangorp.info\/site\/wp-content\/uploads\/2024\/11\/466343064_3872131889694492_711263593903913900_n-935x1536.jpg 935w, https:\/\/www.jeanpierrevangorp.info\/site\/wp-content\/uploads\/2024\/11\/466343064_3872131889694492_711263593903913900_n.jpg 1246w\" sizes=\"(max-width: 282px) 100vw, 282px\" \/><\/p><p>Ses coll\u00e8gues de la<strong> zone de police Schaerbeek-Evere et Saint Josse<\/strong> \u00e9taient pr\u00e9sents ainsi que le <strong>bourgmestre de Saint-Josse Emir Kir et le bourgmestre ff de Schaerbeek Fr\u00e9d\u00e9ric Nimal.<\/strong><\/p><p>Une autre c\u00e9r\u00e9monie avait eu lieu auparavant uniquement pour ses coll\u00e8gues.<\/p><p><img loading=\"lazy\" decoding=\"async\" class=\"aligncenter size-medium wp-image-31016\" src=\"https:\/\/www.jeanpierrevangorp.info\/site\/wp-content\/uploads\/2024\/11\/466138855_3872191293021885_86681338563606737_n-348x464.jpg\" alt=\"\" width=\"348\" height=\"464\" srcset=\"https:\/\/www.jeanpierrevangorp.info\/site\/wp-content\/uploads\/2024\/11\/466138855_3872191293021885_86681338563606737_n-348x464.jpg 348w, https:\/\/www.jeanpierrevangorp.info\/site\/wp-content\/uploads\/2024\/11\/466138855_3872191293021885_86681338563606737_n-768x1024.jpg 768w, https:\/\/www.jeanpierrevangorp.info\/site\/wp-content\/uploads\/2024\/11\/466138855_3872191293021885_86681338563606737_n-1152x1536.jpg 1152w, https:\/\/www.jeanpierrevangorp.info\/site\/wp-content\/uploads\/2024\/11\/466138855_3872191293021885_86681338563606737_n.jpg 1536w\" sizes=\"(max-width: 348px) 100vw, 348px\" \/><\/p><p>Du c\u00f4t\u00e9 des <strong>conseillers communaux<\/strong> \u00e9taient pr\u00e9sents pour <strong>Schaerbeek<\/strong> <strong>C\u00e9dric Mahieu (Engag\u00e9s) et Yusuf Yildiz (PS). <\/strong><\/p><p><img loading=\"lazy\" decoding=\"async\" class=\"aligncenter size-medium wp-image-31017\" src=\"https:\/\/www.jeanpierrevangorp.info\/site\/wp-content\/uploads\/2024\/11\/466383600_3872191403021874_187888499053323847_n-348x464.jpg\" alt=\"\" width=\"348\" height=\"464\" srcset=\"https:\/\/www.jeanpierrevangorp.info\/site\/wp-content\/uploads\/2024\/11\/466383600_3872191403021874_187888499053323847_n-348x464.jpg 348w, https:\/\/www.jeanpierrevangorp.info\/site\/wp-content\/uploads\/2024\/11\/466383600_3872191403021874_187888499053323847_n-768x1024.jpg 768w, https:\/\/www.jeanpierrevangorp.info\/site\/wp-content\/uploads\/2024\/11\/466383600_3872191403021874_187888499053323847_n-1152x1536.jpg 1152w, https:\/\/www.jeanpierrevangorp.info\/site\/wp-content\/uploads\/2024\/11\/466383600_3872191403021874_187888499053323847_n.jpg 1536w\" sizes=\"(max-width: 348px) 100vw, 348px\" \/><\/p><p><strong>Thomas Monjoie<\/strong> avait 29 ans. Il a succomb\u00e9 \u00e0 ses blessures apr\u00e8s avoir \u00e9t\u00e9 poignard\u00e9. (Photos : Facebook Emir Kir)<\/p>    <\/div>\n<\/div>\n<!-- \/module text -->        <\/div>\n                        <\/div>\n        <\/div>\n        <\/div>\n<!--\/themify_builder_content-->","protected":false},"excerpt":{"rendered":"<p>Rue de Brabant un hommage a \u00e9t\u00e9 rendu \u00e0 l&rsquo;inspecteur de police Thomas Monjoie tu\u00e9 dans l&rsquo;exercice de ses fonctions il y a deux ans.Ses coll\u00e8gues de la zone de police Schaerbeek-Evere et Saint Josse \u00e9taient pr\u00e9sents ainsi que le bourgmestre de Saint-Josse Emir Kir et le bourgmestre ff de Schaerbeek Fr\u00e9d\u00e9ric Nimal.Une autre c\u00e9r\u00e9monie [&hellip;]<\/p>\n","protected":false},"author":1,"featured_media":0,"comment_status":"closed","ping_status":"closed","sticky":false,"template":"","format":"standard","meta":{"footnotes":""},"categories":[9,8],"tags":[],"class_list":["post-31013","post","type-post","status-publish","format-standard","hentry","category-actualites-schaerbeekoises","category-conseil-de-police","has-post-title","has-post-date","has-post-category","has-post-tag","has-post-comment","has-post-author",""],"builder_content":"<p><img loading=\"lazy\" decoding=\"async\" src=\"https:\/\/www.jeanpierrevangorp.info\/site\/wp-content\/uploads\/2024\/11\/466117559_3872191236355224_8614023577904644933_n-348x464.jpg\" alt=\"\" width=\"348\" height=\"464\" srcset=\"https:\/\/www.jeanpierrevangorp.info\/site\/wp-content\/uploads\/2024\/11\/466117559_3872191236355224_8614023577904644933_n-348x464.jpg 348w, https:\/\/www.jeanpierrevangorp.info\/site\/wp-content\/uploads\/2024\/11\/466117559_3872191236355224_8614023577904644933_n-768x1024.jpg 768w, https:\/\/www.jeanpierrevangorp.info\/site\/wp-content\/uploads\/2024\/11\/466117559_3872191236355224_8614023577904644933_n-1152x1536.jpg 1152w, https:\/\/www.jeanpierrevangorp.info\/site\/wp-content\/uploads\/2024\/11\/466117559_3872191236355224_8614023577904644933_n.jpg 1200w\" sizes=\"(max-width: 348px) 100vw, 348px\" \/><\/p><p><strong>Rue de Brabant<\/strong> un hommage a \u00e9t\u00e9 rendu \u00e0<strong> l'inspecteur de police Thomas Monjoie<\/strong> tu\u00e9 dans l'exercice de ses fonctions il y a deux ans.<\/p><p><img loading=\"lazy\" decoding=\"async\" src=\"https:\/\/www.jeanpierrevangorp.info\/site\/wp-content\/uploads\/2024\/11\/466343064_3872131889694492_711263593903913900_n-282x464.jpg\" alt=\"\" width=\"282\" height=\"464\" srcset=\"https:\/\/www.jeanpierrevangorp.info\/site\/wp-content\/uploads\/2024\/11\/466343064_3872131889694492_711263593903913900_n-282x464.jpg 282w, https:\/\/www.jeanpierrevangorp.info\/site\/wp-content\/uploads\/2024\/11\/466343064_3872131889694492_711263593903913900_n-623x1024.jpg 623w, https:\/\/www.jeanpierrevangorp.info\/site\/wp-content\/uploads\/2024\/11\/466343064_3872131889694492_711263593903913900_n-768x1262.jpg 768w, https:\/\/www.jeanpierrevangorp.info\/site\/wp-content\/uploads\/2024\/11\/466343064_3872131889694492_711263593903913900_n-935x1536.jpg 935w, https:\/\/www.jeanpierrevangorp.info\/site\/wp-content\/uploads\/2024\/11\/466343064_3872131889694492_711263593903913900_n.jpg 1246w\" sizes=\"(max-width: 282px) 100vw, 282px\" \/><\/p><p>Ses coll\u00e8gues de la<strong> zone de police Schaerbeek-Evere et Saint Josse<\/strong> \u00e9taient pr\u00e9sents ainsi que le <strong>bourgmestre de Saint-Josse Emir Kir et le bourgmestre ff de Schaerbeek Fr\u00e9d\u00e9ric Nimal.<\/strong><\/p><p>Une autre c\u00e9r\u00e9monie avait eu lieu auparavant uniquement pour ses coll\u00e8gues.<\/p><p><img loading=\"lazy\" decoding=\"async\" src=\"https:\/\/www.jeanpierrevangorp.info\/site\/wp-content\/uploads\/2024\/11\/466138855_3872191293021885_86681338563606737_n-348x464.jpg\" alt=\"\" width=\"348\" height=\"464\" srcset=\"https:\/\/www.jeanpierrevangorp.info\/site\/wp-content\/uploads\/2024\/11\/466138855_3872191293021885_86681338563606737_n-348x464.jpg 348w, https:\/\/www.jeanpierrevangorp.info\/site\/wp-content\/uploads\/2024\/11\/466138855_3872191293021885_86681338563606737_n-768x1024.jpg 768w, https:\/\/www.jeanpierrevangorp.info\/site\/wp-content\/uploads\/2024\/11\/466138855_3872191293021885_86681338563606737_n-1152x1536.jpg 1152w, https:\/\/www.jeanpierrevangorp.info\/site\/wp-content\/uploads\/2024\/11\/466138855_3872191293021885_86681338563606737_n.jpg 1536w\" sizes=\"(max-width: 348px) 100vw, 348px\" \/><\/p><p>Du c\u00f4t\u00e9 des <strong>conseillers communaux<\/strong> \u00e9taient pr\u00e9sents pour <strong>Schaerbeek<\/strong> <strong>C\u00e9dric Mahieu (Engag\u00e9s) et Yusuf Yildiz (PS). <\/strong><\/p><p><img loading=\"lazy\" decoding=\"async\" src=\"https:\/\/www.jeanpierrevangorp.info\/site\/wp-content\/uploads\/2024\/11\/466383600_3872191403021874_187888499053323847_n-348x464.jpg\" alt=\"\" width=\"348\" height=\"464\" srcset=\"https:\/\/www.jeanpierrevangorp.info\/site\/wp-content\/uploads\/2024\/11\/466383600_3872191403021874_187888499053323847_n-348x464.jpg 348w, https:\/\/www.jeanpierrevangorp.info\/site\/wp-content\/uploads\/2024\/11\/466383600_3872191403021874_187888499053323847_n-768x1024.jpg 768w, https:\/\/www.jeanpierrevangorp.info\/site\/wp-content\/uploads\/2024\/11\/466383600_3872191403021874_187888499053323847_n-1152x1536.jpg 1152w, https:\/\/www.jeanpierrevangorp.info\/site\/wp-content\/uploads\/2024\/11\/466383600_3872191403021874_187888499053323847_n.jpg 1536w\" sizes=\"(max-width: 348px) 100vw, 348px\" \/><\/p><p><strong>Thomas Monjoie<\/strong> avait 29 ans. Il a succomb\u00e9 \u00e0 ses blessures apr\u00e8s avoir \u00e9t\u00e9 poignard\u00e9. (Photos : Facebook Emir Kir)<\/p>","_links":{"self":[{"href":"https:\/\/www.jeanpierrevangorp.info\/site\/wp-json\/wp\/v2\/posts\/31013"}],"collection":[{"href":"https:\/\/www.jeanpierrevangorp.info\/site\/wp-json\/wp\/v2\/posts"}],"about":[{"href":"https:\/\/www.jeanpierrevangorp.info\/site\/wp-json\/wp\/v2\/types\/post"}],"author":[{"embeddable":true,"href":"https:\/\/www.jeanpierrevangorp.info\/site\/wp-json\/wp\/v2\/users\/1"}],"replies":[{"embeddable":true,"href":"https:\/\/www.jeanpierrevangorp.info\/site\/wp-json\/wp\/v2\/comments?post=31013"}],"version-history":[{"count":2,"href":"https:\/\/www.jeanpierrevangorp.info\/site\/wp-json\/wp\/v2\/posts\/31013\/revisions"}],"predecessor-version":[{"id":31019,"href":"https:\/\/www.jeanpierrevangorp.info\/site\/wp-json\/wp\/v2\/posts\/31013\/revisions\/31019"}],"wp:attachment":[{"href":"https:\/\/www.jeanpierrevangorp.info\/site\/wp-json\/wp\/v2\/media?parent=31013"}],"wp:term":[{"taxonomy":"category","embeddable":true,"href":"https:\/\/www.jeanpierrevangorp.info\/site\/wp-json\/wp\/v2\/categories?post=31013"},{"taxonomy":"post_tag","embeddable":true,"href":"https:\/\/www.jeanpierrevangorp.info\/site\/wp-json\/wp\/v2\/tags?post=31013"}],"curies":[{"name":"wp","href":"https:\/\/api.w.org\/{rel}","templated":true}]}}