{"id":31097,"date":"2025-01-15T11:18:36","date_gmt":"2025-01-15T10:18:36","guid":{"rendered":"https:\/\/www.jeanpierrevangorp.info\/site\/?p=31097"},"modified":"2025-01-15T11:18:37","modified_gmt":"2025-01-15T10:18:37","slug":"drink-de-nouvel-an-de-la-section-ps-de-schaerbeek","status":"publish","type":"post","link":"https:\/\/www.jeanpierrevangorp.info\/site\/drink-de-nouvel-an-de-la-section-ps-de-schaerbeek\/","title":{"rendered":"Drink de Nouvel An de la section PS de Schaerbeek"},"content":{"rendered":"<!--themify_builder_content-->\n<div id=\"themify_builder_content-31097\" data-postid=\"31097\" class=\"themify_builder_content themify_builder_content-31097 themify_builder tf_clear\">\n                    <div  data-lazy=\"1\" class=\"module_row themify_builder_row tb_kpwt207 tb_first tf_w\">\n                        <div class=\"row_inner col_align_top tb_col_count_1 tf_box tf_rel\">\n                        <div  data-lazy=\"1\" class=\"module_column tb-column col-full tb_e61d207 first\">\n                    <!-- module text -->\n<div  class=\"module module-text tb_aphm215   \" data-lazy=\"1\">\n        <div  class=\"tb_text_wrap\">\n        <p><img loading=\"lazy\" decoding=\"async\" class=\"aligncenter size-medium wp-image-31098\" src=\"https:\/\/www.jeanpierrevangorp.info\/site\/wp-content\/uploads\/2025\/01\/473524509_9085854434811984_2178465091474994989_n-464x261.jpg\" alt=\"\" width=\"464\" height=\"261\" srcset=\"https:\/\/www.jeanpierrevangorp.info\/site\/wp-content\/uploads\/2025\/01\/473524509_9085854434811984_2178465091474994989_n-464x261.jpg 464w, https:\/\/www.jeanpierrevangorp.info\/site\/wp-content\/uploads\/2025\/01\/473524509_9085854434811984_2178465091474994989_n-1024x576.jpg 1024w, https:\/\/www.jeanpierrevangorp.info\/site\/wp-content\/uploads\/2025\/01\/473524509_9085854434811984_2178465091474994989_n-768x432.jpg 768w, https:\/\/www.jeanpierrevangorp.info\/site\/wp-content\/uploads\/2025\/01\/473524509_9085854434811984_2178465091474994989_n.jpg 1280w\" sizes=\"(max-width: 464px) 100vw, 464px\" \/><\/p><p>La<strong> section PS de Schaerbeek<\/strong> se r\u00e9unira le<strong> 24 janvier 2025 \u00e0 18h30<\/strong> au <strong>caf\u00e9 \u00ab\u00a0Le jardin d&rsquo;hiver\u00a0\u00bb place de la Patrie<\/strong> pour sa r\u00e9ception de Nouvel An.<\/p>    <\/div>\n<\/div>\n<!-- \/module text -->        <\/div>\n                        <\/div>\n        <\/div>\n        <\/div>\n<!--\/themify_builder_content-->","protected":false},"excerpt":{"rendered":"<p>La section PS de Schaerbeek se r\u00e9unira le 24 janvier 2025 \u00e0 18h30 au caf\u00e9 \u00ab\u00a0Le jardin d&rsquo;hiver\u00a0\u00bb place de la Patrie pour sa r\u00e9ception de Nouvel An.<\/p>\n","protected":false},"author":1,"featured_media":0,"comment_status":"closed","ping_status":"closed","sticky":false,"template":"","format":"standard","meta":{"footnotes":""},"categories":[9,28],"tags":[],"class_list":["post-31097","post","type-post","status-publish","format-standard","hentry","category-actualites-schaerbeekoises","category-ps-schaerbeek","has-post-title","has-post-date","has-post-category","has-post-tag","has-post-comment","has-post-author",""],"builder_content":"<p><img loading=\"lazy\" decoding=\"async\" src=\"https:\/\/www.jeanpierrevangorp.info\/site\/wp-content\/uploads\/2025\/01\/473524509_9085854434811984_2178465091474994989_n-464x261.jpg\" alt=\"\" width=\"464\" height=\"261\" srcset=\"https:\/\/www.jeanpierrevangorp.info\/site\/wp-content\/uploads\/2025\/01\/473524509_9085854434811984_2178465091474994989_n-464x261.jpg 464w, https:\/\/www.jeanpierrevangorp.info\/site\/wp-content\/uploads\/2025\/01\/473524509_9085854434811984_2178465091474994989_n-1024x576.jpg 1024w, https:\/\/www.jeanpierrevangorp.info\/site\/wp-content\/uploads\/2025\/01\/473524509_9085854434811984_2178465091474994989_n-768x432.jpg 768w, https:\/\/www.jeanpierrevangorp.info\/site\/wp-content\/uploads\/2025\/01\/473524509_9085854434811984_2178465091474994989_n.jpg 1280w\" sizes=\"(max-width: 464px) 100vw, 464px\" \/><\/p><p>La<strong> section PS de Schaerbeek<\/strong> se r\u00e9unira le<strong> 24 janvier 2025 \u00e0 18h30<\/strong> au <strong>caf\u00e9 \"Le jardin d'hiver\" place de la Patrie<\/strong> pour sa r\u00e9ception de Nouvel An.<\/p>","_links":{"self":[{"href":"https:\/\/www.jeanpierrevangorp.info\/site\/wp-json\/wp\/v2\/posts\/31097"}],"collection":[{"href":"https:\/\/www.jeanpierrevangorp.info\/site\/wp-json\/wp\/v2\/posts"}],"about":[{"href":"https:\/\/www.jeanpierrevangorp.info\/site\/wp-json\/wp\/v2\/types\/post"}],"author":[{"embeddable":true,"href":"https:\/\/www.jeanpierrevangorp.info\/site\/wp-json\/wp\/v2\/users\/1"}],"replies":[{"embeddable":true,"href":"https:\/\/www.jeanpierrevangorp.info\/site\/wp-json\/wp\/v2\/comments?post=31097"}],"version-history":[{"count":2,"href":"https:\/\/www.jeanpierrevangorp.info\/site\/wp-json\/wp\/v2\/posts\/31097\/revisions"}],"predecessor-version":[{"id":31100,"href":"https:\/\/www.jeanpierrevangorp.info\/site\/wp-json\/wp\/v2\/posts\/31097\/revisions\/31100"}],"wp:attachment":[{"href":"https:\/\/www.jeanpierrevangorp.info\/site\/wp-json\/wp\/v2\/media?parent=31097"}],"wp:term":[{"taxonomy":"category","embeddable":true,"href":"https:\/\/www.jeanpierrevangorp.info\/site\/wp-json\/wp\/v2\/categories?post=31097"},{"taxonomy":"post_tag","embeddable":true,"href":"https:\/\/www.jeanpierrevangorp.info\/site\/wp-json\/wp\/v2\/tags?post=31097"}],"curies":[{"name":"wp","href":"https:\/\/api.w.org\/{rel}","templated":true}]}}