{"id":31113,"date":"2025-01-25T11:23:35","date_gmt":"2025-01-25T10:23:35","guid":{"rendered":"https:\/\/www.jeanpierrevangorp.info\/site\/?p=31113"},"modified":"2025-01-25T11:23:38","modified_gmt":"2025-01-25T10:23:38","slug":"drink-de-nouvel-an-2025-de-la-section-ps-de-schaerbeek","status":"publish","type":"post","link":"https:\/\/www.jeanpierrevangorp.info\/site\/drink-de-nouvel-an-2025-de-la-section-ps-de-schaerbeek\/","title":{"rendered":"Drink de Nouvel An 2025 de la section PS de Schaerbeek"},"content":{"rendered":"<!--themify_builder_content-->\n<div id=\"themify_builder_content-31113\" data-postid=\"31113\" class=\"themify_builder_content themify_builder_content-31113 themify_builder tf_clear\">\n                    <div  data-lazy=\"1\" class=\"module_row themify_builder_row tb_tawk299 tb_first tf_w\">\n                        <div class=\"row_inner col_align_top tb_col_count_1 tf_box tf_rel\">\n                        <div  data-lazy=\"1\" class=\"module_column tb-column col-full tb_sbuu299 first\">\n                    <!-- module text -->\n<div  class=\"module module-text tb_yg5v277   \" data-lazy=\"1\">\n        <div  class=\"tb_text_wrap\">\n        <p><img loading=\"lazy\" decoding=\"async\" class=\"aligncenter size-medium wp-image-31114\" src=\"https:\/\/www.jeanpierrevangorp.info\/site\/wp-content\/uploads\/2025\/01\/474623505_1307261897058336_1207860517207364283_n-464x389.jpg\" alt=\"\" width=\"464\" height=\"389\" srcset=\"https:\/\/www.jeanpierrevangorp.info\/site\/wp-content\/uploads\/2025\/01\/474623505_1307261897058336_1207860517207364283_n-464x389.jpg 464w, https:\/\/www.jeanpierrevangorp.info\/site\/wp-content\/uploads\/2025\/01\/474623505_1307261897058336_1207860517207364283_n-1024x858.jpg 1024w, https:\/\/www.jeanpierrevangorp.info\/site\/wp-content\/uploads\/2025\/01\/474623505_1307261897058336_1207860517207364283_n-768x644.jpg 768w, https:\/\/www.jeanpierrevangorp.info\/site\/wp-content\/uploads\/2025\/01\/474623505_1307261897058336_1207860517207364283_n-1536x1287.jpg 1536w, https:\/\/www.jeanpierrevangorp.info\/site\/wp-content\/uploads\/2025\/01\/474623505_1307261897058336_1207860517207364283_n.jpg 1600w\" sizes=\"(max-width: 464px) 100vw, 464px\" \/><\/p><p>C&rsquo;est au Caf\u00e9 \u00ab\u00a0Le jardin d&rsquo;hiver\u00a0\u00bb que la<strong> section PS de Schaerbeek<\/strong> et ses \u00e9lus ont donn\u00e9 une r\u00e9ception de Nouvel An.\u00a0<\/p>    <\/div>\n<\/div>\n<!-- \/module text -->        <\/div>\n                        <\/div>\n        <\/div>\n        <\/div>\n<!--\/themify_builder_content-->","protected":false},"excerpt":{"rendered":"<p>C&rsquo;est au Caf\u00e9 \u00ab\u00a0Le jardin d&rsquo;hiver\u00a0\u00bb que la section PS de Schaerbeek et ses \u00e9lus ont donn\u00e9 une r\u00e9ception de Nouvel An.\u00a0<\/p>\n","protected":false},"author":1,"featured_media":0,"comment_status":"closed","ping_status":"closed","sticky":false,"template":"","format":"standard","meta":{"footnotes":""},"categories":[9,28],"tags":[],"class_list":["post-31113","post","type-post","status-publish","format-standard","hentry","category-actualites-schaerbeekoises","category-ps-schaerbeek","has-post-title","has-post-date","has-post-category","has-post-tag","has-post-comment","has-post-author",""],"builder_content":"<p><img loading=\"lazy\" decoding=\"async\" src=\"https:\/\/www.jeanpierrevangorp.info\/site\/wp-content\/uploads\/2025\/01\/474623505_1307261897058336_1207860517207364283_n-464x389.jpg\" alt=\"\" width=\"464\" height=\"389\" srcset=\"https:\/\/www.jeanpierrevangorp.info\/site\/wp-content\/uploads\/2025\/01\/474623505_1307261897058336_1207860517207364283_n-464x389.jpg 464w, https:\/\/www.jeanpierrevangorp.info\/site\/wp-content\/uploads\/2025\/01\/474623505_1307261897058336_1207860517207364283_n-1024x858.jpg 1024w, https:\/\/www.jeanpierrevangorp.info\/site\/wp-content\/uploads\/2025\/01\/474623505_1307261897058336_1207860517207364283_n-768x644.jpg 768w, https:\/\/www.jeanpierrevangorp.info\/site\/wp-content\/uploads\/2025\/01\/474623505_1307261897058336_1207860517207364283_n-1536x1287.jpg 1536w, https:\/\/www.jeanpierrevangorp.info\/site\/wp-content\/uploads\/2025\/01\/474623505_1307261897058336_1207860517207364283_n.jpg 1600w\" sizes=\"(max-width: 464px) 100vw, 464px\" \/><\/p><p>C'est au Caf\u00e9 \"Le jardin d'hiver\" que la<strong> section PS de Schaerbeek<\/strong> et ses \u00e9lus ont donn\u00e9 une r\u00e9ception de Nouvel An.\u00a0<\/p>","_links":{"self":[{"href":"https:\/\/www.jeanpierrevangorp.info\/site\/wp-json\/wp\/v2\/posts\/31113"}],"collection":[{"href":"https:\/\/www.jeanpierrevangorp.info\/site\/wp-json\/wp\/v2\/posts"}],"about":[{"href":"https:\/\/www.jeanpierrevangorp.info\/site\/wp-json\/wp\/v2\/types\/post"}],"author":[{"embeddable":true,"href":"https:\/\/www.jeanpierrevangorp.info\/site\/wp-json\/wp\/v2\/users\/1"}],"replies":[{"embeddable":true,"href":"https:\/\/www.jeanpierrevangorp.info\/site\/wp-json\/wp\/v2\/comments?post=31113"}],"version-history":[{"count":2,"href":"https:\/\/www.jeanpierrevangorp.info\/site\/wp-json\/wp\/v2\/posts\/31113\/revisions"}],"predecessor-version":[{"id":31116,"href":"https:\/\/www.jeanpierrevangorp.info\/site\/wp-json\/wp\/v2\/posts\/31113\/revisions\/31116"}],"wp:attachment":[{"href":"https:\/\/www.jeanpierrevangorp.info\/site\/wp-json\/wp\/v2\/media?parent=31113"}],"wp:term":[{"taxonomy":"category","embeddable":true,"href":"https:\/\/www.jeanpierrevangorp.info\/site\/wp-json\/wp\/v2\/categories?post=31113"},{"taxonomy":"post_tag","embeddable":true,"href":"https:\/\/www.jeanpierrevangorp.info\/site\/wp-json\/wp\/v2\/tags?post=31113"}],"curies":[{"name":"wp","href":"https:\/\/api.w.org\/{rel}","templated":true}]}}