{"id":31220,"date":"2025-03-28T08:13:41","date_gmt":"2025-03-28T07:13:41","guid":{"rendered":"https:\/\/www.jeanpierrevangorp.info\/site\/?p=31220"},"modified":"2025-03-29T10:40:16","modified_gmt":"2025-03-29T09:40:16","slug":"le-casting-du-ps-connu-pour-la-future-majorite-a-schaerbeek","status":"publish","type":"post","link":"https:\/\/www.jeanpierrevangorp.info\/site\/le-casting-du-ps-connu-pour-la-future-majorite-a-schaerbeek\/","title":{"rendered":"Le casting du PS connu pour la future majorit\u00e9 \u00e0 Schaerbeek"},"content":{"rendered":"<!--themify_builder_content-->\n<div id=\"themify_builder_content-31220\" data-postid=\"31220\" class=\"themify_builder_content themify_builder_content-31220 themify_builder tf_clear\">\n                    <div  data-lazy=\"1\" class=\"module_row themify_builder_row tb_iby4834 tb_first tf_w\">\n                        <div class=\"row_inner col_align_top tb_col_count_1 tf_box tf_rel\">\n                        <div  data-lazy=\"1\" class=\"module_column tb-column col-full tb_pn35834 first\">\n                    <!-- module text -->\n<div  class=\"module module-text tb_xiz4561   \" data-lazy=\"1\">\n        <div  class=\"tb_text_wrap\">\n        <p><img loading=\"lazy\" decoding=\"async\" class=\"aligncenter size-medium wp-image-31221\" src=\"https:\/\/www.jeanpierrevangorp.info\/site\/wp-content\/uploads\/2025\/03\/485730876_9072051506236468_3425403941095972681_n-464x464.jpg\" alt=\"\" width=\"464\" height=\"464\" srcset=\"https:\/\/www.jeanpierrevangorp.info\/site\/wp-content\/uploads\/2025\/03\/485730876_9072051506236468_3425403941095972681_n-464x464.jpg 464w, https:\/\/www.jeanpierrevangorp.info\/site\/wp-content\/uploads\/2025\/03\/485730876_9072051506236468_3425403941095972681_n-1024x1024.jpg 1024w, https:\/\/www.jeanpierrevangorp.info\/site\/wp-content\/uploads\/2025\/03\/485730876_9072051506236468_3425403941095972681_n-150x150.jpg 150w, https:\/\/www.jeanpierrevangorp.info\/site\/wp-content\/uploads\/2025\/03\/485730876_9072051506236468_3425403941095972681_n-768x768.jpg 768w, https:\/\/www.jeanpierrevangorp.info\/site\/wp-content\/uploads\/2025\/03\/485730876_9072051506236468_3425403941095972681_n.jpg 1350w\" sizes=\"(max-width: 464px) 100vw, 464px\" \/><\/p>\n<p>La <strong>section PS de Schaerbeek a<\/strong> ent\u00e9rin\u00e9 le casting des futurs membres du <strong>Coll\u00e8ge \u00e9chevinal.<\/strong><\/p>\n<p><strong>Hasan Koyuncu<\/strong> sera bourgmestre en titre \u00e0 partir de janvier 2028. En attendant, il pr\u00e9sidera le Conseil communal en tant que conseiller communal.<\/p>\n<p><strong>Justine Harze<\/strong> sera en charge de l&rsquo;urbanisme, de la mobilit\u00e9, de la r\u00e9novation urbaine et des contrats de quartier.<\/p>\n<p><img loading=\"lazy\" decoding=\"async\" class=\"aligncenter size-medium wp-image-31222\" src=\"https:\/\/www.jeanpierrevangorp.info\/site\/wp-content\/uploads\/2025\/03\/480071278_10236891779743450_8513858448501396424_n-243x464.jpg\" alt=\"\" width=\"243\" height=\"464\" srcset=\"https:\/\/www.jeanpierrevangorp.info\/site\/wp-content\/uploads\/2025\/03\/480071278_10236891779743450_8513858448501396424_n-243x464.jpg 243w, https:\/\/www.jeanpierrevangorp.info\/site\/wp-content\/uploads\/2025\/03\/480071278_10236891779743450_8513858448501396424_n-537x1024.jpg 537w, https:\/\/www.jeanpierrevangorp.info\/site\/wp-content\/uploads\/2025\/03\/480071278_10236891779743450_8513858448501396424_n.jpg 554w\" sizes=\"(max-width: 243px) 100vw, 243px\" \/><\/p>\n<p><strong>Done Sonmez<\/strong> actuellement \u00e9chevine sans portefeuille dans le Coll\u00e8ge en affaires courantes sera <strong>pr\u00e9sidente du CPAS <\/strong>pour un demi-mandat.<strong> Audrey Henry (MR)<\/strong> qui commencera avec le ma\u00eforat pour trois ans, lui succ\u00e9dera peut-\u00eatre ensuite. <\/p>\n<p><img loading=\"lazy\" decoding=\"async\" class=\"aligncenter size-medium wp-image-31223\" src=\"https:\/\/www.jeanpierrevangorp.info\/site\/wp-content\/uploads\/2025\/03\/471691196_9023889604341801_783847371859105039_n-464x464.jpg\" alt=\"\" width=\"464\" height=\"464\" srcset=\"https:\/\/www.jeanpierrevangorp.info\/site\/wp-content\/uploads\/2025\/03\/471691196_9023889604341801_783847371859105039_n-464x464.jpg 464w, https:\/\/www.jeanpierrevangorp.info\/site\/wp-content\/uploads\/2025\/03\/471691196_9023889604341801_783847371859105039_n-150x150.jpg 150w, https:\/\/www.jeanpierrevangorp.info\/site\/wp-content\/uploads\/2025\/03\/471691196_9023889604341801_783847371859105039_n-768x766.jpg 768w, https:\/\/www.jeanpierrevangorp.info\/site\/wp-content\/uploads\/2025\/03\/471691196_9023889604341801_783847371859105039_n.jpg 960w\" sizes=\"(max-width: 464px) 100vw, 464px\" \/><\/p>\n<p><strong>Abobakre Bouhjar<\/strong> sera en charge des sports et du stationnement.\u00a0<\/p>\n<p>Voici donc le PS de retour dans une majorit\u00e9 \u00e0 Schaerbeek apr\u00e8s 18 longues ann\u00e9es d&rsquo;opposition qui ont au final permis de faire bouger les lignes apr\u00e8s une derni\u00e8re mandature catastrophique en terme de climat de confiance avec les citoyens et d&rsquo;imposition de politiques d\u00e9fiant le bon sens commun. \u00a0 \u00a0<\/p>    <\/div>\n<\/div>\n<!-- \/module text -->        <\/div>\n                        <\/div>\n        <\/div>\n        <\/div>\n<!--\/themify_builder_content-->","protected":false},"excerpt":{"rendered":"<p>La section PS de Schaerbeek a ent\u00e9rin\u00e9 le casting des futurs membres du Coll\u00e8ge \u00e9chevinal. Hasan Koyuncu sera bourgmestre en titre \u00e0 partir de janvier 2028. En attendant, il pr\u00e9sidera le Conseil communal en tant que conseiller communal. Justine Harze sera en charge de l&rsquo;urbanisme, de la mobilit\u00e9, de la r\u00e9novation urbaine et des contrats [&hellip;]<\/p>\n","protected":false},"author":1,"featured_media":0,"comment_status":"closed","ping_status":"closed","sticky":false,"template":"","format":"standard","meta":{"footnotes":""},"categories":[9,1,28],"tags":[],"class_list":["post-31220","post","type-post","status-publish","format-standard","hentry","category-actualites-schaerbeekoises","category-conseilcommunal","category-ps-schaerbeek","has-post-title","has-post-date","has-post-category","has-post-tag","has-post-comment","has-post-author",""],"builder_content":"<p><img loading=\"lazy\" decoding=\"async\" src=\"https:\/\/www.jeanpierrevangorp.info\/site\/wp-content\/uploads\/2025\/03\/485730876_9072051506236468_3425403941095972681_n-464x464.jpg\" alt=\"\" width=\"464\" height=\"464\" srcset=\"https:\/\/www.jeanpierrevangorp.info\/site\/wp-content\/uploads\/2025\/03\/485730876_9072051506236468_3425403941095972681_n-464x464.jpg 464w, https:\/\/www.jeanpierrevangorp.info\/site\/wp-content\/uploads\/2025\/03\/485730876_9072051506236468_3425403941095972681_n-1024x1024.jpg 1024w, https:\/\/www.jeanpierrevangorp.info\/site\/wp-content\/uploads\/2025\/03\/485730876_9072051506236468_3425403941095972681_n-150x150.jpg 150w, https:\/\/www.jeanpierrevangorp.info\/site\/wp-content\/uploads\/2025\/03\/485730876_9072051506236468_3425403941095972681_n-768x768.jpg 768w, https:\/\/www.jeanpierrevangorp.info\/site\/wp-content\/uploads\/2025\/03\/485730876_9072051506236468_3425403941095972681_n.jpg 1350w\" sizes=\"(max-width: 464px) 100vw, 464px\" \/><\/p> <p>La <strong>section PS de Schaerbeek a<\/strong> ent\u00e9rin\u00e9 le casting des futurs membres du <strong>Coll\u00e8ge \u00e9chevinal.<\/strong><\/p> <p><strong>Hasan Koyuncu<\/strong> sera bourgmestre en titre \u00e0 partir de janvier 2028. En attendant, il pr\u00e9sidera le Conseil communal en tant que conseiller communal.<\/p> <p><strong>Justine Harze<\/strong> sera en charge de l'urbanisme, de la mobilit\u00e9, de la r\u00e9novation urbaine et des contrats de quartier.<\/p> <p><img loading=\"lazy\" decoding=\"async\" src=\"https:\/\/www.jeanpierrevangorp.info\/site\/wp-content\/uploads\/2025\/03\/480071278_10236891779743450_8513858448501396424_n-243x464.jpg\" alt=\"\" width=\"243\" height=\"464\" srcset=\"https:\/\/www.jeanpierrevangorp.info\/site\/wp-content\/uploads\/2025\/03\/480071278_10236891779743450_8513858448501396424_n-243x464.jpg 243w, https:\/\/www.jeanpierrevangorp.info\/site\/wp-content\/uploads\/2025\/03\/480071278_10236891779743450_8513858448501396424_n-537x1024.jpg 537w, https:\/\/www.jeanpierrevangorp.info\/site\/wp-content\/uploads\/2025\/03\/480071278_10236891779743450_8513858448501396424_n.jpg 554w\" sizes=\"(max-width: 243px) 100vw, 243px\" \/><\/p> <p><strong>Done Sonmez<\/strong> actuellement \u00e9chevine sans portefeuille dans le Coll\u00e8ge en affaires courantes sera <strong>pr\u00e9sidente du CPAS <\/strong>pour un demi-mandat.<strong> Audrey Henry (MR)<\/strong> qui commencera avec le ma\u00eforat pour trois ans, lui succ\u00e9dera peut-\u00eatre ensuite. <\/p> <p><img loading=\"lazy\" decoding=\"async\" src=\"https:\/\/www.jeanpierrevangorp.info\/site\/wp-content\/uploads\/2025\/03\/471691196_9023889604341801_783847371859105039_n-464x464.jpg\" alt=\"\" width=\"464\" height=\"464\" srcset=\"https:\/\/www.jeanpierrevangorp.info\/site\/wp-content\/uploads\/2025\/03\/471691196_9023889604341801_783847371859105039_n-464x464.jpg 464w, https:\/\/www.jeanpierrevangorp.info\/site\/wp-content\/uploads\/2025\/03\/471691196_9023889604341801_783847371859105039_n-150x150.jpg 150w, https:\/\/www.jeanpierrevangorp.info\/site\/wp-content\/uploads\/2025\/03\/471691196_9023889604341801_783847371859105039_n-768x766.jpg 768w, https:\/\/www.jeanpierrevangorp.info\/site\/wp-content\/uploads\/2025\/03\/471691196_9023889604341801_783847371859105039_n.jpg 960w\" sizes=\"(max-width: 464px) 100vw, 464px\" \/><\/p> <p><strong>Abobakre Bouhjar<\/strong> sera en charge des sports et du stationnement.\u00a0<\/p> <p>Voici donc le PS de retour dans une majorit\u00e9 \u00e0 Schaerbeek apr\u00e8s 18 longues ann\u00e9es d'opposition qui ont au final permis de faire bouger les lignes apr\u00e8s une derni\u00e8re mandature catastrophique en terme de climat de confiance avec les citoyens et d'imposition de politiques d\u00e9fiant le bon sens commun. \u00a0 \u00a0<\/p>","_links":{"self":[{"href":"https:\/\/www.jeanpierrevangorp.info\/site\/wp-json\/wp\/v2\/posts\/31220"}],"collection":[{"href":"https:\/\/www.jeanpierrevangorp.info\/site\/wp-json\/wp\/v2\/posts"}],"about":[{"href":"https:\/\/www.jeanpierrevangorp.info\/site\/wp-json\/wp\/v2\/types\/post"}],"author":[{"embeddable":true,"href":"https:\/\/www.jeanpierrevangorp.info\/site\/wp-json\/wp\/v2\/users\/1"}],"replies":[{"embeddable":true,"href":"https:\/\/www.jeanpierrevangorp.info\/site\/wp-json\/wp\/v2\/comments?post=31220"}],"version-history":[{"count":4,"href":"https:\/\/www.jeanpierrevangorp.info\/site\/wp-json\/wp\/v2\/posts\/31220\/revisions"}],"predecessor-version":[{"id":31234,"href":"https:\/\/www.jeanpierrevangorp.info\/site\/wp-json\/wp\/v2\/posts\/31220\/revisions\/31234"}],"wp:attachment":[{"href":"https:\/\/www.jeanpierrevangorp.info\/site\/wp-json\/wp\/v2\/media?parent=31220"}],"wp:term":[{"taxonomy":"category","embeddable":true,"href":"https:\/\/www.jeanpierrevangorp.info\/site\/wp-json\/wp\/v2\/categories?post=31220"},{"taxonomy":"post_tag","embeddable":true,"href":"https:\/\/www.jeanpierrevangorp.info\/site\/wp-json\/wp\/v2\/tags?post=31220"}],"curies":[{"name":"wp","href":"https:\/\/api.w.org\/{rel}","templated":true}]}}