{"id":31699,"date":"2025-10-26T15:37:33","date_gmt":"2025-10-26T14:37:33","guid":{"rendered":"https:\/\/www.jeanpierrevangorp.info\/site\/?p=31699"},"modified":"2025-10-30T15:40:04","modified_gmt":"2025-10-30T14:40:04","slug":"octobre-rose-a-schaerbeek","status":"publish","type":"post","link":"https:\/\/www.jeanpierrevangorp.info\/site\/octobre-rose-a-schaerbeek\/","title":{"rendered":"\u00ab\u00a0Octobre rose\u00a0\u00bb \u00e0 Schaerbeek"},"content":{"rendered":"<!--themify_builder_content-->\n<div id=\"themify_builder_content-31699\" data-postid=\"31699\" class=\"themify_builder_content themify_builder_content-31699 themify_builder tf_clear\">\n                    <div  data-lazy=\"1\" class=\"module_row themify_builder_row tb_dinx428 tb_first tf_w\">\n                        <div class=\"row_inner col_align_top tb_col_count_1 tf_box tf_rel\">\n                        <div  data-lazy=\"1\" class=\"module_column tb-column col-full tb_epid428 first\">\n                    <!-- module text -->\n<div  class=\"module module-text tb_hkae532   \" data-lazy=\"1\">\n        <div  class=\"tb_text_wrap\">\n        <p><img loading=\"lazy\" decoding=\"async\" class=\"aligncenter size-medium wp-image-31700\" src=\"https:\/\/www.jeanpierrevangorp.info\/site\/wp-content\/uploads\/2025\/10\/a3_octobre-rose_2025_w-328x464.jpg\" alt=\"\" width=\"328\" height=\"464\" srcset=\"https:\/\/www.jeanpierrevangorp.info\/site\/wp-content\/uploads\/2025\/10\/a3_octobre-rose_2025_w-328x464.jpg 328w, https:\/\/www.jeanpierrevangorp.info\/site\/wp-content\/uploads\/2025\/10\/a3_octobre-rose_2025_w-725x1024.jpg 725w, https:\/\/www.jeanpierrevangorp.info\/site\/wp-content\/uploads\/2025\/10\/a3_octobre-rose_2025_w-768x1085.jpg 768w, https:\/\/www.jeanpierrevangorp.info\/site\/wp-content\/uploads\/2025\/10\/a3_octobre-rose_2025_w-1087x1536.jpg 1087w, https:\/\/www.jeanpierrevangorp.info\/site\/wp-content\/uploads\/2025\/10\/a3_octobre-rose_2025_w.jpg 1123w\" sizes=\"(max-width: 328px) 100vw, 328px\" \/><\/p><p>Grande journ\u00e9e de sensibilisation et de pr\u00e9vention au cancer du sein en ce mois dit d<strong>&lsquo;Octobre Rose le 30 octobre 2025 de 11h \u00e0 17h<\/strong> \u00e0 l&rsquo;H\u00f4tel communal de Schaerbeek.\u00a0\u00a0<\/p>    <\/div>\n<\/div>\n<!-- \/module text -->        <\/div>\n                        <\/div>\n        <\/div>\n        <\/div>\n<!--\/themify_builder_content-->","protected":false},"excerpt":{"rendered":"<p>Grande journ\u00e9e de sensibilisation et de pr\u00e9vention au cancer du sein en ce mois dit d&rsquo;Octobre Rose le 30 octobre 2025 de 11h \u00e0 17h \u00e0 l&rsquo;H\u00f4tel communal de Schaerbeek.\u00a0\u00a0<\/p>\n","protected":false},"author":1,"featured_media":0,"comment_status":"closed","ping_status":"closed","sticky":false,"template":"","format":"standard","meta":{"footnotes":""},"categories":[9],"tags":[],"class_list":["post-31699","post","type-post","status-publish","format-standard","hentry","category-actualites-schaerbeekoises","has-post-title","has-post-date","has-post-category","has-post-tag","has-post-comment","has-post-author",""],"builder_content":"<p><img loading=\"lazy\" decoding=\"async\" src=\"https:\/\/www.jeanpierrevangorp.info\/site\/wp-content\/uploads\/2025\/10\/a3_octobre-rose_2025_w-328x464.jpg\" alt=\"\" width=\"328\" height=\"464\" srcset=\"https:\/\/www.jeanpierrevangorp.info\/site\/wp-content\/uploads\/2025\/10\/a3_octobre-rose_2025_w-328x464.jpg 328w, https:\/\/www.jeanpierrevangorp.info\/site\/wp-content\/uploads\/2025\/10\/a3_octobre-rose_2025_w-725x1024.jpg 725w, https:\/\/www.jeanpierrevangorp.info\/site\/wp-content\/uploads\/2025\/10\/a3_octobre-rose_2025_w-768x1085.jpg 768w, https:\/\/www.jeanpierrevangorp.info\/site\/wp-content\/uploads\/2025\/10\/a3_octobre-rose_2025_w-1087x1536.jpg 1087w, https:\/\/www.jeanpierrevangorp.info\/site\/wp-content\/uploads\/2025\/10\/a3_octobre-rose_2025_w.jpg 1123w\" sizes=\"(max-width: 328px) 100vw, 328px\" \/><\/p><p>Grande journ\u00e9e de sensibilisation et de pr\u00e9vention au cancer du sein en ce mois dit d<strong>'Octobre Rose le 30 octobre 2025 de 11h \u00e0 17h<\/strong> \u00e0 l'H\u00f4tel communal de Schaerbeek.\u00a0\u00a0<\/p>","_links":{"self":[{"href":"https:\/\/www.jeanpierrevangorp.info\/site\/wp-json\/wp\/v2\/posts\/31699"}],"collection":[{"href":"https:\/\/www.jeanpierrevangorp.info\/site\/wp-json\/wp\/v2\/posts"}],"about":[{"href":"https:\/\/www.jeanpierrevangorp.info\/site\/wp-json\/wp\/v2\/types\/post"}],"author":[{"embeddable":true,"href":"https:\/\/www.jeanpierrevangorp.info\/site\/wp-json\/wp\/v2\/users\/1"}],"replies":[{"embeddable":true,"href":"https:\/\/www.jeanpierrevangorp.info\/site\/wp-json\/wp\/v2\/comments?post=31699"}],"version-history":[{"count":1,"href":"https:\/\/www.jeanpierrevangorp.info\/site\/wp-json\/wp\/v2\/posts\/31699\/revisions"}],"predecessor-version":[{"id":31701,"href":"https:\/\/www.jeanpierrevangorp.info\/site\/wp-json\/wp\/v2\/posts\/31699\/revisions\/31701"}],"wp:attachment":[{"href":"https:\/\/www.jeanpierrevangorp.info\/site\/wp-json\/wp\/v2\/media?parent=31699"}],"wp:term":[{"taxonomy":"category","embeddable":true,"href":"https:\/\/www.jeanpierrevangorp.info\/site\/wp-json\/wp\/v2\/categories?post=31699"},{"taxonomy":"post_tag","embeddable":true,"href":"https:\/\/www.jeanpierrevangorp.info\/site\/wp-json\/wp\/v2\/tags?post=31699"}],"curies":[{"name":"wp","href":"https:\/\/api.w.org\/{rel}","templated":true}]}}