{"id":31742,"date":"2025-11-14T11:12:36","date_gmt":"2025-11-14T10:12:36","guid":{"rendered":"https:\/\/www.jeanpierrevangorp.info\/site\/?p=31742"},"modified":"2025-11-14T11:16:48","modified_gmt":"2025-11-14T10:16:48","slug":"appel-pour-la-gestion-de-la-buvette-van-oost","status":"publish","type":"post","link":"https:\/\/www.jeanpierrevangorp.info\/site\/appel-pour-la-gestion-de-la-buvette-van-oost\/","title":{"rendered":"Appel pour la gestion de la buvette Van Oost"},"content":{"rendered":"<!--themify_builder_content-->\n<div id=\"themify_builder_content-31742\" data-postid=\"31742\" class=\"themify_builder_content themify_builder_content-31742 themify_builder tf_clear\">\n                    <div  data-lazy=\"1\" class=\"module_row themify_builder_row tb_9k03512 tb_first tf_w\">\n                        <div class=\"row_inner col_align_top tb_col_count_1 tf_box tf_rel\">\n                        <div  data-lazy=\"1\" class=\"module_column tb-column col-full tb_rh6j512 first\">\n                    <!-- module text -->\n<div  class=\"module module-text tb_h8pq74   \" data-lazy=\"1\">\n        <div  class=\"tb_text_wrap\">\n        <p><img loading=\"lazy\" decoding=\"async\" class=\"aligncenter size-medium wp-image-31743\" src=\"https:\/\/www.jeanpierrevangorp.info\/site\/wp-content\/uploads\/2025\/11\/1000005217-464x348.jpg\" alt=\"\" width=\"464\" height=\"348\" srcset=\"https:\/\/www.jeanpierrevangorp.info\/site\/wp-content\/uploads\/2025\/11\/1000005217-464x348.jpg 464w, https:\/\/www.jeanpierrevangorp.info\/site\/wp-content\/uploads\/2025\/11\/1000005217-1024x768.jpg 1024w, https:\/\/www.jeanpierrevangorp.info\/site\/wp-content\/uploads\/2025\/11\/1000005217-768x576.jpg 768w, https:\/\/www.jeanpierrevangorp.info\/site\/wp-content\/uploads\/2025\/11\/1000005217-1536x1152.jpg 1536w, https:\/\/www.jeanpierrevangorp.info\/site\/wp-content\/uploads\/2025\/11\/1000005217-2048x1536.jpg 2048w\" sizes=\"(max-width: 464px) 100vw, 464px\" \/><\/p>\n<p>La <strong>Commune de Schaerbeek<\/strong> lance un appel pour le gestion de la buvette de la salle de sport<strong> rue Van Oost, 52.<\/strong><\/p>\n<p>Le cahier des charges (cliquez<a href=\"https:\/\/www.1030.be\/fr\/nieuws\/gestion-la-buvette-la-salle-van-oost\"> ici)<\/a> pr\u00e9voit :\u00a0<\/p>\n<ul>\n<li>Loyer minimum : 100 \u20ac\/mois<\/li>\n<li>Superficie : 50 m\u00b2<\/li>\n<li>Un forfait de 50 \u20ac\/mois pour les consommations \u00e9nerg\u00e9tiques.<\/li>\n<\/ul>\n<p>Compte tenu des horaires d&rsquo;occupation de la salle de sports par les \u00e9coles en journ\u00e9e, les horaires d&rsquo;exploitation de la buvette seront les suivants :<br \/>\u2022 Du lundi au vendredi de 17h \u00e0 23h<br \/>\u2022 Du samedi au dimanche et jours f\u00e9ri\u00e9s de 8h30 \u00e0 23h sauf pendant les cong\u00e9s.<\/p>\n<p>Les offres sont \u00e0 introduire pour le <strong>20 d\u00e9cembre 2025<\/strong> au plus tard.\u00a0\u00a0<\/p>    <\/div>\n<\/div>\n<!-- \/module text -->        <\/div>\n                        <\/div>\n        <\/div>\n        <\/div>\n<!--\/themify_builder_content-->","protected":false},"excerpt":{"rendered":"<p>La Commune de Schaerbeek lance un appel pour le gestion de la buvette de la salle de sport rue Van Oost, 52. Le cahier des charges (cliquez ici) pr\u00e9voit :\u00a0 Loyer minimum : 100 \u20ac\/mois Superficie : 50 m\u00b2 Un forfait de 50 \u20ac\/mois pour les consommations \u00e9nerg\u00e9tiques. Compte tenu des horaires d&rsquo;occupation de la [&hellip;]<\/p>\n","protected":false},"author":1,"featured_media":0,"comment_status":"closed","ping_status":"closed","sticky":false,"template":"","format":"standard","meta":{"footnotes":""},"categories":[9],"tags":[],"class_list":["post-31742","post","type-post","status-publish","format-standard","hentry","category-actualites-schaerbeekoises","has-post-title","has-post-date","has-post-category","has-post-tag","has-post-comment","has-post-author",""],"builder_content":"<p><img loading=\"lazy\" decoding=\"async\" src=\"https:\/\/www.jeanpierrevangorp.info\/site\/wp-content\/uploads\/2025\/11\/1000005217-464x348.jpg\" alt=\"\" width=\"464\" height=\"348\" srcset=\"https:\/\/www.jeanpierrevangorp.info\/site\/wp-content\/uploads\/2025\/11\/1000005217-464x348.jpg 464w, https:\/\/www.jeanpierrevangorp.info\/site\/wp-content\/uploads\/2025\/11\/1000005217-1024x768.jpg 1024w, https:\/\/www.jeanpierrevangorp.info\/site\/wp-content\/uploads\/2025\/11\/1000005217-768x576.jpg 768w, https:\/\/www.jeanpierrevangorp.info\/site\/wp-content\/uploads\/2025\/11\/1000005217-1536x1152.jpg 1536w, https:\/\/www.jeanpierrevangorp.info\/site\/wp-content\/uploads\/2025\/11\/1000005217-2048x1536.jpg 2048w\" sizes=\"(max-width: 464px) 100vw, 464px\" \/><\/p> <p>La <strong>Commune de Schaerbeek<\/strong> lance un appel pour le gestion de la buvette de la salle de sport<strong> rue Van Oost, 52.<\/strong><\/p> <p>Le cahier des charges (cliquez<a href=\"https:\/\/www.1030.be\/fr\/nieuws\/gestion-la-buvette-la-salle-van-oost\"> ici)<\/a> pr\u00e9voit :\u00a0<\/p> <ul> <li>Loyer minimum : 100 \u20ac\/mois<\/li> <li>Superficie : 50 m\u00b2<\/li> <li>Un forfait de 50 \u20ac\/mois pour les consommations \u00e9nerg\u00e9tiques.<\/li> <\/ul> <p>Compte tenu des horaires d'occupation de la salle de sports par les \u00e9coles en journ\u00e9e, les horaires d'exploitation de la buvette seront les suivants :<br \/>\u2022 Du lundi au vendredi de 17h \u00e0 23h<br \/>\u2022 Du samedi au dimanche et jours f\u00e9ri\u00e9s de 8h30 \u00e0 23h sauf pendant les cong\u00e9s.<\/p> <p>Les offres sont \u00e0 introduire pour le <strong>20 d\u00e9cembre 2025<\/strong> au plus tard.\u00a0\u00a0<\/p>","_links":{"self":[{"href":"https:\/\/www.jeanpierrevangorp.info\/site\/wp-json\/wp\/v2\/posts\/31742"}],"collection":[{"href":"https:\/\/www.jeanpierrevangorp.info\/site\/wp-json\/wp\/v2\/posts"}],"about":[{"href":"https:\/\/www.jeanpierrevangorp.info\/site\/wp-json\/wp\/v2\/types\/post"}],"author":[{"embeddable":true,"href":"https:\/\/www.jeanpierrevangorp.info\/site\/wp-json\/wp\/v2\/users\/1"}],"replies":[{"embeddable":true,"href":"https:\/\/www.jeanpierrevangorp.info\/site\/wp-json\/wp\/v2\/comments?post=31742"}],"version-history":[{"count":4,"href":"https:\/\/www.jeanpierrevangorp.info\/site\/wp-json\/wp\/v2\/posts\/31742\/revisions"}],"predecessor-version":[{"id":31747,"href":"https:\/\/www.jeanpierrevangorp.info\/site\/wp-json\/wp\/v2\/posts\/31742\/revisions\/31747"}],"wp:attachment":[{"href":"https:\/\/www.jeanpierrevangorp.info\/site\/wp-json\/wp\/v2\/media?parent=31742"}],"wp:term":[{"taxonomy":"category","embeddable":true,"href":"https:\/\/www.jeanpierrevangorp.info\/site\/wp-json\/wp\/v2\/categories?post=31742"},{"taxonomy":"post_tag","embeddable":true,"href":"https:\/\/www.jeanpierrevangorp.info\/site\/wp-json\/wp\/v2\/tags?post=31742"}],"curies":[{"name":"wp","href":"https:\/\/api.w.org\/{rel}","templated":true}]}}