{"id":31755,"date":"2025-11-26T09:34:08","date_gmt":"2025-11-26T08:34:08","guid":{"rendered":"https:\/\/www.jeanpierrevangorp.info\/site\/?p=31755"},"modified":"2025-11-26T09:34:09","modified_gmt":"2025-11-26T08:34:09","slug":"le-roi-philippe-en-visite-au-service-de-la-proprete-et-des-espaces-verts","status":"publish","type":"post","link":"https:\/\/www.jeanpierrevangorp.info\/site\/le-roi-philippe-en-visite-au-service-de-la-proprete-et-des-espaces-verts\/","title":{"rendered":"Le roi Philippe en visite au service de la propret\u00e9 et des espaces verts"},"content":{"rendered":"<!--themify_builder_content-->\n<div id=\"themify_builder_content-31755\" data-postid=\"31755\" class=\"themify_builder_content themify_builder_content-31755 themify_builder tf_clear\">\n                    <div  data-lazy=\"1\" class=\"module_row themify_builder_row tb_zx26706 tb_first tf_w\">\n                        <div class=\"row_inner col_align_top tb_col_count_1 tf_box tf_rel\">\n                        <div  data-lazy=\"1\" class=\"module_column tb-column col-full tb_shhx706 first\">\n                    <!-- module text -->\n<div  class=\"module module-text tb_vn3t531   \" data-lazy=\"1\">\n        <div  class=\"tb_text_wrap\">\n        <p><img loading=\"lazy\" decoding=\"async\" class=\"size-medium wp-image-31756\" src=\"https:\/\/www.jeanpierrevangorp.info\/site\/wp-content\/uploads\/2025\/11\/589115668_1171174478533508_5956717153409221411_n-464x309.jpg\" alt=\"\" width=\"464\" height=\"309\" srcset=\"https:\/\/www.jeanpierrevangorp.info\/site\/wp-content\/uploads\/2025\/11\/589115668_1171174478533508_5956717153409221411_n-464x309.jpg 464w, https:\/\/www.jeanpierrevangorp.info\/site\/wp-content\/uploads\/2025\/11\/589115668_1171174478533508_5956717153409221411_n-1024x682.jpg 1024w, https:\/\/www.jeanpierrevangorp.info\/site\/wp-content\/uploads\/2025\/11\/589115668_1171174478533508_5956717153409221411_n-768x512.jpg 768w, https:\/\/www.jeanpierrevangorp.info\/site\/wp-content\/uploads\/2025\/11\/589115668_1171174478533508_5956717153409221411_n-1536x1023.jpg 1536w, https:\/\/www.jeanpierrevangorp.info\/site\/wp-content\/uploads\/2025\/11\/589115668_1171174478533508_5956717153409221411_n.jpg 2048w\" sizes=\"(max-width: 464px) 100vw, 464px\" \/><\/p><p>Visite royale ce mardi \u00e0 <strong>Schaerbeek<\/strong>. Le<strong> roi Philippe<\/strong> s\u2019est rendu aupr\u00e8s du <strong>service de la propret\u00e9 et des espaces verts.<\/strong><\/p><p>Au cours d&rsquo;une promenade pr\u00e8s du <strong>stade communal et parc Josaphat, le souverain<\/strong> s\u2019est entretenu avec deux agents lors de leur tourn\u00e9e.<\/p><p><img loading=\"lazy\" decoding=\"async\" class=\"size-medium wp-image-31757\" src=\"https:\/\/www.jeanpierrevangorp.info\/site\/wp-content\/uploads\/2025\/11\/587289302_1171174491866840_3635516137839305846_n-464x350.jpg\" alt=\"\" width=\"464\" height=\"350\" srcset=\"https:\/\/www.jeanpierrevangorp.info\/site\/wp-content\/uploads\/2025\/11\/587289302_1171174491866840_3635516137839305846_n-464x350.jpg 464w, https:\/\/www.jeanpierrevangorp.info\/site\/wp-content\/uploads\/2025\/11\/587289302_1171174491866840_3635516137839305846_n-1024x772.jpg 1024w, https:\/\/www.jeanpierrevangorp.info\/site\/wp-content\/uploads\/2025\/11\/587289302_1171174491866840_3635516137839305846_n-768x579.jpg 768w, https:\/\/www.jeanpierrevangorp.info\/site\/wp-content\/uploads\/2025\/11\/587289302_1171174491866840_3635516137839305846_n-1536x1158.jpg 1536w, https:\/\/www.jeanpierrevangorp.info\/site\/wp-content\/uploads\/2025\/11\/587289302_1171174491866840_3635516137839305846_n.jpg 2048w\" sizes=\"(max-width: 464px) 100vw, 464px\" \/><\/p><p>Le<strong> roi<\/strong> a ensuite pris part \u00e0 une r\u00e9union \u00a0avec l\u2019Agence r\u00e9gionale de Bruxelles-Propret\u00e9, la <strong>Commune de Schaerbeek<\/strong>, le collectif Brussel (pou)belle, le <strong>comit\u00e9 de quartier Voltaire-Eenens-Metsys<\/strong> et la coupole des 40 comit\u00e9s de quartier bruxellois.<\/p>    <\/div>\n<\/div>\n<!-- \/module text -->        <\/div>\n                        <\/div>\n        <\/div>\n        <\/div>\n<!--\/themify_builder_content-->","protected":false},"excerpt":{"rendered":"<p>Visite royale ce mardi \u00e0 Schaerbeek. Le roi Philippe s\u2019est rendu aupr\u00e8s du service de la propret\u00e9 et des espaces verts.Au cours d&rsquo;une promenade pr\u00e8s du stade communal et parc Josaphat, le souverain s\u2019est entretenu avec deux agents lors de leur tourn\u00e9e.Le roi a ensuite pris part \u00e0 une r\u00e9union \u00a0avec l\u2019Agence r\u00e9gionale de Bruxelles-Propret\u00e9, [&hellip;]<\/p>\n","protected":false},"author":1,"featured_media":0,"comment_status":"closed","ping_status":"closed","sticky":false,"template":"","format":"standard","meta":{"footnotes":""},"categories":[9],"tags":[],"class_list":["post-31755","post","type-post","status-publish","format-standard","hentry","category-actualites-schaerbeekoises","has-post-title","has-post-date","has-post-category","has-post-tag","has-post-comment","has-post-author",""],"builder_content":"<p><img loading=\"lazy\" decoding=\"async\" src=\"https:\/\/www.jeanpierrevangorp.info\/site\/wp-content\/uploads\/2025\/11\/589115668_1171174478533508_5956717153409221411_n-464x309.jpg\" alt=\"\" width=\"464\" height=\"309\" srcset=\"https:\/\/www.jeanpierrevangorp.info\/site\/wp-content\/uploads\/2025\/11\/589115668_1171174478533508_5956717153409221411_n-464x309.jpg 464w, https:\/\/www.jeanpierrevangorp.info\/site\/wp-content\/uploads\/2025\/11\/589115668_1171174478533508_5956717153409221411_n-1024x682.jpg 1024w, https:\/\/www.jeanpierrevangorp.info\/site\/wp-content\/uploads\/2025\/11\/589115668_1171174478533508_5956717153409221411_n-768x512.jpg 768w, https:\/\/www.jeanpierrevangorp.info\/site\/wp-content\/uploads\/2025\/11\/589115668_1171174478533508_5956717153409221411_n-1536x1023.jpg 1536w, https:\/\/www.jeanpierrevangorp.info\/site\/wp-content\/uploads\/2025\/11\/589115668_1171174478533508_5956717153409221411_n.jpg 2048w\" sizes=\"(max-width: 464px) 100vw, 464px\" \/><\/p><p>Visite royale ce mardi \u00e0 <strong>Schaerbeek<\/strong>. Le<strong> roi Philippe<\/strong> s\u2019est rendu aupr\u00e8s du <strong>service de la propret\u00e9 et des espaces verts.<\/strong><\/p><p>Au cours d'une promenade pr\u00e8s du <strong>stade communal et parc Josaphat, le souverain<\/strong> s\u2019est entretenu avec deux agents lors de leur tourn\u00e9e.<\/p><p><img loading=\"lazy\" decoding=\"async\" src=\"https:\/\/www.jeanpierrevangorp.info\/site\/wp-content\/uploads\/2025\/11\/587289302_1171174491866840_3635516137839305846_n-464x350.jpg\" alt=\"\" width=\"464\" height=\"350\" srcset=\"https:\/\/www.jeanpierrevangorp.info\/site\/wp-content\/uploads\/2025\/11\/587289302_1171174491866840_3635516137839305846_n-464x350.jpg 464w, https:\/\/www.jeanpierrevangorp.info\/site\/wp-content\/uploads\/2025\/11\/587289302_1171174491866840_3635516137839305846_n-1024x772.jpg 1024w, https:\/\/www.jeanpierrevangorp.info\/site\/wp-content\/uploads\/2025\/11\/587289302_1171174491866840_3635516137839305846_n-768x579.jpg 768w, https:\/\/www.jeanpierrevangorp.info\/site\/wp-content\/uploads\/2025\/11\/587289302_1171174491866840_3635516137839305846_n-1536x1158.jpg 1536w, https:\/\/www.jeanpierrevangorp.info\/site\/wp-content\/uploads\/2025\/11\/587289302_1171174491866840_3635516137839305846_n.jpg 2048w\" sizes=\"(max-width: 464px) 100vw, 464px\" \/><\/p><p>Le<strong> roi<\/strong> a ensuite pris part \u00e0 une r\u00e9union \u00a0avec l\u2019Agence r\u00e9gionale de Bruxelles-Propret\u00e9, la <strong>Commune de Schaerbeek<\/strong>, le collectif Brussel (pou)belle, le <strong>comit\u00e9 de quartier Voltaire-Eenens-Metsys<\/strong> et la coupole des 40 comit\u00e9s de quartier bruxellois.<\/p>","_links":{"self":[{"href":"https:\/\/www.jeanpierrevangorp.info\/site\/wp-json\/wp\/v2\/posts\/31755"}],"collection":[{"href":"https:\/\/www.jeanpierrevangorp.info\/site\/wp-json\/wp\/v2\/posts"}],"about":[{"href":"https:\/\/www.jeanpierrevangorp.info\/site\/wp-json\/wp\/v2\/types\/post"}],"author":[{"embeddable":true,"href":"https:\/\/www.jeanpierrevangorp.info\/site\/wp-json\/wp\/v2\/users\/1"}],"replies":[{"embeddable":true,"href":"https:\/\/www.jeanpierrevangorp.info\/site\/wp-json\/wp\/v2\/comments?post=31755"}],"version-history":[{"count":2,"href":"https:\/\/www.jeanpierrevangorp.info\/site\/wp-json\/wp\/v2\/posts\/31755\/revisions"}],"predecessor-version":[{"id":31759,"href":"https:\/\/www.jeanpierrevangorp.info\/site\/wp-json\/wp\/v2\/posts\/31755\/revisions\/31759"}],"wp:attachment":[{"href":"https:\/\/www.jeanpierrevangorp.info\/site\/wp-json\/wp\/v2\/media?parent=31755"}],"wp:term":[{"taxonomy":"category","embeddable":true,"href":"https:\/\/www.jeanpierrevangorp.info\/site\/wp-json\/wp\/v2\/categories?post=31755"},{"taxonomy":"post_tag","embeddable":true,"href":"https:\/\/www.jeanpierrevangorp.info\/site\/wp-json\/wp\/v2\/tags?post=31755"}],"curies":[{"name":"wp","href":"https:\/\/api.w.org\/{rel}","templated":true}]}}