{"id":31919,"date":"2026-02-16T11:56:24","date_gmt":"2026-02-16T10:56:24","guid":{"rendered":"https:\/\/www.jeanpierrevangorp.info\/site\/?p=31919"},"modified":"2026-02-16T11:56:25","modified_gmt":"2026-02-16T10:56:25","slug":"quand-des-ediles-schaerbeekois-sinvestissaient-vraiment-pour-la-commune","status":"publish","type":"post","link":"https:\/\/www.jeanpierrevangorp.info\/site\/quand-des-ediles-schaerbeekois-sinvestissaient-vraiment-pour-la-commune\/","title":{"rendered":"Quand des \u00e9diles schaerbeekois s&rsquo;investissaient vraiment pour la Commune"},"content":{"rendered":"<!--themify_builder_content-->\n<div id=\"themify_builder_content-31919\" data-postid=\"31919\" class=\"themify_builder_content themify_builder_content-31919 themify_builder tf_clear\">\n                    <div  data-lazy=\"1\" class=\"module_row themify_builder_row tb_ls2z71 tb_first tf_w\">\n                        <div class=\"row_inner col_align_top tb_col_count_1 tf_box tf_rel\">\n                        <div  data-lazy=\"1\" class=\"module_column tb-column col-full tb_bfn172 first\">\n                    <!-- module text -->\n<div  class=\"module module-text tb_ags5411   \" data-lazy=\"1\">\n        <div  class=\"tb_text_wrap\">\n        <p><img loading=\"lazy\" decoding=\"async\" class=\"aligncenter size-medium wp-image-31924\" src=\"https:\/\/www.jeanpierrevangorp.info\/site\/wp-content\/uploads\/2026\/02\/Laurette_Onkelinx-393x464.jpg\" alt=\"\" width=\"393\" height=\"464\" srcset=\"https:\/\/www.jeanpierrevangorp.info\/site\/wp-content\/uploads\/2026\/02\/Laurette_Onkelinx-393x464.jpg 393w, https:\/\/www.jeanpierrevangorp.info\/site\/wp-content\/uploads\/2026\/02\/Laurette_Onkelinx-768x908.jpg 768w, https:\/\/www.jeanpierrevangorp.info\/site\/wp-content\/uploads\/2026\/02\/Laurette_Onkelinx.jpg 846w\" sizes=\"(max-width: 393px) 100vw, 393px\" \/><\/p><p><strong>Schaerbeek<\/strong> depuis le <strong>tr\u00e8s regrett\u00e9 bourgmestre Francis Duriau<\/strong> puis la premi\u00e8re mandature de <strong>Bernard Clerfay<\/strong>t de 2001 \u00e0 2026, n\u2019a plus jamais ensuite connu de bourgmestre en titre mais des <strong>bourgmestres faisant fonction.<\/strong><\/p><p>A chaque d\u00e9part de<strong> Bernard Clerfay<\/strong>t par deux fois et \u00e0 pr\u00e9sent d\u2019<strong>Audrey Henry,<\/strong> on se gargarise du fait que les retomb\u00e9es seront pr\u00e9cieuses \u00e0 ces niveaux de pouvoir pour <strong>Schaerbeek.<\/strong><\/p><p>Je tenais par ce post \u00e0 saluer les deux seuls \u00e9lus qui ont r\u00e9ellement contribu\u00e9 (en dehors des<strong> \u00e9lus PS<\/strong> aujourd\u2019hui actifs \u00e0 la R\u00e9gion) \u00e0 amener des relais efficaces et concrets sur 1030.<\/p><p>Bien que critiqu\u00e9e, d\u00e9nigr\u00e9e et victime d\u2019une campagne inf\u00e2me en 2006 par les troupes de<strong> Bernard Clerfayt, Laurette Onkelinx<\/strong> fut une <strong>conseill\u00e8re communal<\/strong>e pr\u00e9sente et active, qui apporta beaucoup \u00e0 <strong>Schaerbeek<\/strong> via les projets de<strong> Beliris.<\/strong> Et \u00e0 titre personnel, une femme de grande droiture et de parole.\u00a0<\/p><p><img loading=\"lazy\" decoding=\"async\" class=\"aligncenter size-medium wp-image-31927\" src=\"https:\/\/www.jeanpierrevangorp.info\/site\/wp-content\/uploads\/2026\/02\/B9718070859Z.1_20181230202648_000GCCCM9U91.2-0-464x261.jpg\" alt=\"\" width=\"464\" height=\"261\" srcset=\"https:\/\/www.jeanpierrevangorp.info\/site\/wp-content\/uploads\/2026\/02\/B9718070859Z.1_20181230202648_000GCCCM9U91.2-0-464x261.jpg 464w, https:\/\/www.jeanpierrevangorp.info\/site\/wp-content\/uploads\/2026\/02\/B9718070859Z.1_20181230202648_000GCCCM9U91.2-0-1024x576.jpg 1024w, https:\/\/www.jeanpierrevangorp.info\/site\/wp-content\/uploads\/2026\/02\/B9718070859Z.1_20181230202648_000GCCCM9U91.2-0-768x432.jpg 768w, https:\/\/www.jeanpierrevangorp.info\/site\/wp-content\/uploads\/2026\/02\/B9718070859Z.1_20181230202648_000GCCCM9U91.2-0.jpg 1190w\" sizes=\"(max-width: 464px) 100vw, 464px\" \/><\/p><p>Et <strong>Denis Grimberghs (\u00e0 l\u2019\u00e9poque Cdh)<\/strong> longtemps dans l\u2019opposition et t\u00e9nor de ce <strong>Conseil communal<\/strong>, puis<strong> \u00e9chevin de 2012 \u00e0 2018<\/strong>, il n\u2019a jamais manqu\u00e9 d\u2019activer \u00e0 ses \u00e9chelons notamment<strong> CityDev<\/strong> toutes les manettes pour <strong>Schaerbeek<\/strong> sans aucune arri\u00e8re-pens\u00e9e, juste comme <strong>Laurette<\/strong> l\u2019int\u00e9r\u00eat des Schaerbeekois.<\/p><p>Merci \u00e0 eux qui ont permis de grandir le niveau de notre politique locale. <strong>Schaerbeek<\/strong> a en effet besoin d\u2019\u00eatre servie, pas que l\u2019on se serve d\u2019elle.<\/p>    <\/div>\n<\/div>\n<!-- \/module text -->        <\/div>\n                        <\/div>\n        <\/div>\n        <\/div>\n<!--\/themify_builder_content-->","protected":false},"excerpt":{"rendered":"<p>Schaerbeek depuis le tr\u00e8s regrett\u00e9 bourgmestre Francis Duriau puis la premi\u00e8re mandature de Bernard Clerfayt de 2001 \u00e0 2026, n\u2019a plus jamais ensuite connu de bourgmestre en titre mais des bourgmestres faisant fonction.A chaque d\u00e9part de Bernard Clerfayt par deux fois et \u00e0 pr\u00e9sent d\u2019Audrey Henry, on se gargarise du fait que les retomb\u00e9es seront [&hellip;]<\/p>\n","protected":false},"author":1,"featured_media":0,"comment_status":"closed","ping_status":"closed","sticky":false,"template":"","format":"standard","meta":{"footnotes":""},"categories":[9,1],"tags":[],"class_list":["post-31919","post","type-post","status-publish","format-standard","hentry","category-actualites-schaerbeekoises","category-conseilcommunal","has-post-title","has-post-date","has-post-category","has-post-tag","has-post-comment","has-post-author",""],"builder_content":"<p><img loading=\"lazy\" decoding=\"async\" src=\"https:\/\/www.jeanpierrevangorp.info\/site\/wp-content\/uploads\/2026\/02\/Laurette_Onkelinx-393x464.jpg\" alt=\"\" width=\"393\" height=\"464\" srcset=\"https:\/\/www.jeanpierrevangorp.info\/site\/wp-content\/uploads\/2026\/02\/Laurette_Onkelinx-393x464.jpg 393w, https:\/\/www.jeanpierrevangorp.info\/site\/wp-content\/uploads\/2026\/02\/Laurette_Onkelinx-768x908.jpg 768w, https:\/\/www.jeanpierrevangorp.info\/site\/wp-content\/uploads\/2026\/02\/Laurette_Onkelinx.jpg 846w\" sizes=\"(max-width: 393px) 100vw, 393px\" \/><\/p><p><strong>Schaerbeek<\/strong> depuis le <strong>tr\u00e8s regrett\u00e9 bourgmestre Francis Duriau<\/strong> puis la premi\u00e8re mandature de <strong>Bernard Clerfay<\/strong>t de 2001 \u00e0 2026, n\u2019a plus jamais ensuite connu de bourgmestre en titre mais des <strong>bourgmestres faisant fonction.<\/strong><\/p><p>A chaque d\u00e9part de<strong> Bernard Clerfay<\/strong>t par deux fois et \u00e0 pr\u00e9sent d\u2019<strong>Audrey Henry,<\/strong> on se gargarise du fait que les retomb\u00e9es seront pr\u00e9cieuses \u00e0 ces niveaux de pouvoir pour <strong>Schaerbeek.<\/strong><\/p><p>Je tenais par ce post \u00e0 saluer les deux seuls \u00e9lus qui ont r\u00e9ellement contribu\u00e9 (en dehors des<strong> \u00e9lus PS<\/strong> aujourd\u2019hui actifs \u00e0 la R\u00e9gion) \u00e0 amener des relais efficaces et concrets sur 1030.<\/p><p>Bien que critiqu\u00e9e, d\u00e9nigr\u00e9e et victime d\u2019une campagne inf\u00e2me en 2006 par les troupes de<strong> Bernard Clerfayt, Laurette Onkelinx<\/strong> fut une <strong>conseill\u00e8re communal<\/strong>e pr\u00e9sente et active, qui apporta beaucoup \u00e0 <strong>Schaerbeek<\/strong> via les projets de<strong> Beliris.<\/strong> Et \u00e0 titre personnel, une femme de grande droiture et de parole.\u00a0<\/p><p><img loading=\"lazy\" decoding=\"async\" src=\"https:\/\/www.jeanpierrevangorp.info\/site\/wp-content\/uploads\/2026\/02\/B9718070859Z.1_20181230202648_000GCCCM9U91.2-0-464x261.jpg\" alt=\"\" width=\"464\" height=\"261\" srcset=\"https:\/\/www.jeanpierrevangorp.info\/site\/wp-content\/uploads\/2026\/02\/B9718070859Z.1_20181230202648_000GCCCM9U91.2-0-464x261.jpg 464w, https:\/\/www.jeanpierrevangorp.info\/site\/wp-content\/uploads\/2026\/02\/B9718070859Z.1_20181230202648_000GCCCM9U91.2-0-1024x576.jpg 1024w, https:\/\/www.jeanpierrevangorp.info\/site\/wp-content\/uploads\/2026\/02\/B9718070859Z.1_20181230202648_000GCCCM9U91.2-0-768x432.jpg 768w, https:\/\/www.jeanpierrevangorp.info\/site\/wp-content\/uploads\/2026\/02\/B9718070859Z.1_20181230202648_000GCCCM9U91.2-0.jpg 1190w\" sizes=\"(max-width: 464px) 100vw, 464px\" \/><\/p><p>Et <strong>Denis Grimberghs (\u00e0 l\u2019\u00e9poque Cdh)<\/strong> longtemps dans l\u2019opposition et t\u00e9nor de ce <strong>Conseil communal<\/strong>, puis<strong> \u00e9chevin de 2012 \u00e0 2018<\/strong>, il n\u2019a jamais manqu\u00e9 d\u2019activer \u00e0 ses \u00e9chelons notamment<strong> CityDev<\/strong> toutes les manettes pour <strong>Schaerbeek<\/strong> sans aucune arri\u00e8re-pens\u00e9e, juste comme <strong>Laurette<\/strong> l\u2019int\u00e9r\u00eat des Schaerbeekois.<\/p><p>Merci \u00e0 eux qui ont permis de grandir le niveau de notre politique locale. <strong>Schaerbeek<\/strong> a en effet besoin d\u2019\u00eatre servie, pas que l\u2019on se serve d\u2019elle.<\/p>","_links":{"self":[{"href":"https:\/\/www.jeanpierrevangorp.info\/site\/wp-json\/wp\/v2\/posts\/31919"}],"collection":[{"href":"https:\/\/www.jeanpierrevangorp.info\/site\/wp-json\/wp\/v2\/posts"}],"about":[{"href":"https:\/\/www.jeanpierrevangorp.info\/site\/wp-json\/wp\/v2\/types\/post"}],"author":[{"embeddable":true,"href":"https:\/\/www.jeanpierrevangorp.info\/site\/wp-json\/wp\/v2\/users\/1"}],"replies":[{"embeddable":true,"href":"https:\/\/www.jeanpierrevangorp.info\/site\/wp-json\/wp\/v2\/comments?post=31919"}],"version-history":[{"count":2,"href":"https:\/\/www.jeanpierrevangorp.info\/site\/wp-json\/wp\/v2\/posts\/31919\/revisions"}],"predecessor-version":[{"id":31929,"href":"https:\/\/www.jeanpierrevangorp.info\/site\/wp-json\/wp\/v2\/posts\/31919\/revisions\/31929"}],"wp:attachment":[{"href":"https:\/\/www.jeanpierrevangorp.info\/site\/wp-json\/wp\/v2\/media?parent=31919"}],"wp:term":[{"taxonomy":"category","embeddable":true,"href":"https:\/\/www.jeanpierrevangorp.info\/site\/wp-json\/wp\/v2\/categories?post=31919"},{"taxonomy":"post_tag","embeddable":true,"href":"https:\/\/www.jeanpierrevangorp.info\/site\/wp-json\/wp\/v2\/tags?post=31919"}],"curies":[{"name":"wp","href":"https:\/\/api.w.org\/{rel}","templated":true}]}}