{"id":32076,"date":"2026-04-24T09:57:45","date_gmt":"2026-04-24T08:57:45","guid":{"rendered":"https:\/\/www.jeanpierrevangorp.info\/site\/?p=32076"},"modified":"2026-04-29T10:00:53","modified_gmt":"2026-04-29T09:00:53","slug":"exposition-maisons-bulles-a-la-maison-autrique","status":"publish","type":"post","link":"https:\/\/www.jeanpierrevangorp.info\/site\/exposition-maisons-bulles-a-la-maison-autrique\/","title":{"rendered":"Exposition \u00ab\u00a0Maisons bulles\u00a0\u00bb \u00e0 la Maison Autrique"},"content":{"rendered":"<!--themify_builder_content-->\n<div id=\"themify_builder_content-32076\" data-postid=\"32076\" class=\"themify_builder_content themify_builder_content-32076 themify_builder tf_clear\">\n                    <div  data-lazy=\"1\" class=\"module_row themify_builder_row tb_i3sj266 tb_first tf_w\">\n                        <div class=\"row_inner col_align_top tb_col_count_1 tf_box tf_rel\">\n                        <div  data-lazy=\"1\" class=\"module_column tb-column col-full tb_jk55266 first\">\n                    <!-- module text -->\n<div  class=\"module module-text tb_cvf6268   \" data-lazy=\"1\">\n        <div  class=\"tb_text_wrap\">\n        <p><img loading=\"lazy\" decoding=\"async\" class=\"aligncenter size-medium wp-image-32077\" src=\"https:\/\/www.jeanpierrevangorp.info\/site\/wp-content\/uploads\/2026\/04\/678991215_10165677093170839_8077338424026097203_n-328x464.jpg\" alt=\"\" width=\"328\" height=\"464\" srcset=\"https:\/\/www.jeanpierrevangorp.info\/site\/wp-content\/uploads\/2026\/04\/678991215_10165677093170839_8077338424026097203_n-328x464.jpg 328w, https:\/\/www.jeanpierrevangorp.info\/site\/wp-content\/uploads\/2026\/04\/678991215_10165677093170839_8077338424026097203_n-724x1024.jpg 724w, https:\/\/www.jeanpierrevangorp.info\/site\/wp-content\/uploads\/2026\/04\/678991215_10165677093170839_8077338424026097203_n-768x1086.jpg 768w, https:\/\/www.jeanpierrevangorp.info\/site\/wp-content\/uploads\/2026\/04\/678991215_10165677093170839_8077338424026097203_n-1086x1536.jpg 1086w, https:\/\/www.jeanpierrevangorp.info\/site\/wp-content\/uploads\/2026\/04\/678991215_10165677093170839_8077338424026097203_n.jpg 1181w\" sizes=\"(max-width: 328px) 100vw, 328px\" \/><\/p><p>La <strong>Maison Autrique<\/strong> accueille <strong>l&rsquo;exposition \u00ab\u00a0Maison Bulles\u00a0\u00bb j<\/strong>usqu&rsquo;au 7 mars 2027.<\/p><p>Cet \u00e9difice Horta est situ\u00e9 <strong>chauss\u00e9e de Haecht, 26<\/strong>6 pr\u00e8s de l&rsquo;avenue Louis Bertrand. C&rsquo;est une propri\u00e9t\u00e9 de la <strong>Commune de Schaerbeek.\u00a0<\/strong>\u00a0<\/p>    <\/div>\n<\/div>\n<!-- \/module text -->        <\/div>\n                        <\/div>\n        <\/div>\n        <\/div>\n<!--\/themify_builder_content-->","protected":false},"excerpt":{"rendered":"<p>La Maison Autrique accueille l&rsquo;exposition \u00ab\u00a0Maison Bulles\u00a0\u00bb jusqu&rsquo;au 7 mars 2027.Cet \u00e9difice Horta est situ\u00e9 chauss\u00e9e de Haecht, 266 pr\u00e8s de l&rsquo;avenue Louis Bertrand. C&rsquo;est une propri\u00e9t\u00e9 de la Commune de Schaerbeek.\u00a0\u00a0<\/p>\n","protected":false},"author":1,"featured_media":0,"comment_status":"closed","ping_status":"closed","sticky":false,"template":"","format":"standard","meta":{"footnotes":""},"categories":[9],"tags":[],"class_list":["post-32076","post","type-post","status-publish","format-standard","hentry","category-actualites-schaerbeekoises","has-post-title","has-post-date","has-post-category","has-post-tag","has-post-comment","has-post-author",""],"builder_content":"<p><img loading=\"lazy\" decoding=\"async\" src=\"https:\/\/www.jeanpierrevangorp.info\/site\/wp-content\/uploads\/2026\/04\/678991215_10165677093170839_8077338424026097203_n-328x464.jpg\" alt=\"\" width=\"328\" height=\"464\" srcset=\"https:\/\/www.jeanpierrevangorp.info\/site\/wp-content\/uploads\/2026\/04\/678991215_10165677093170839_8077338424026097203_n-328x464.jpg 328w, https:\/\/www.jeanpierrevangorp.info\/site\/wp-content\/uploads\/2026\/04\/678991215_10165677093170839_8077338424026097203_n-724x1024.jpg 724w, https:\/\/www.jeanpierrevangorp.info\/site\/wp-content\/uploads\/2026\/04\/678991215_10165677093170839_8077338424026097203_n-768x1086.jpg 768w, https:\/\/www.jeanpierrevangorp.info\/site\/wp-content\/uploads\/2026\/04\/678991215_10165677093170839_8077338424026097203_n-1086x1536.jpg 1086w, https:\/\/www.jeanpierrevangorp.info\/site\/wp-content\/uploads\/2026\/04\/678991215_10165677093170839_8077338424026097203_n.jpg 1181w\" sizes=\"(max-width: 328px) 100vw, 328px\" \/><\/p><p>La <strong>Maison Autrique<\/strong> accueille <strong>l'exposition \"Maison Bulles\" j<\/strong>usqu'au 7 mars 2027.<\/p><p>Cet \u00e9difice Horta est situ\u00e9 <strong>chauss\u00e9e de Haecht, 26<\/strong>6 pr\u00e8s de l'avenue Louis Bertrand. C'est une propri\u00e9t\u00e9 de la <strong>Commune de Schaerbeek.\u00a0<\/strong>\u00a0<\/p>","_links":{"self":[{"href":"https:\/\/www.jeanpierrevangorp.info\/site\/wp-json\/wp\/v2\/posts\/32076"}],"collection":[{"href":"https:\/\/www.jeanpierrevangorp.info\/site\/wp-json\/wp\/v2\/posts"}],"about":[{"href":"https:\/\/www.jeanpierrevangorp.info\/site\/wp-json\/wp\/v2\/types\/post"}],"author":[{"embeddable":true,"href":"https:\/\/www.jeanpierrevangorp.info\/site\/wp-json\/wp\/v2\/users\/1"}],"replies":[{"embeddable":true,"href":"https:\/\/www.jeanpierrevangorp.info\/site\/wp-json\/wp\/v2\/comments?post=32076"}],"version-history":[{"count":2,"href":"https:\/\/www.jeanpierrevangorp.info\/site\/wp-json\/wp\/v2\/posts\/32076\/revisions"}],"predecessor-version":[{"id":32079,"href":"https:\/\/www.jeanpierrevangorp.info\/site\/wp-json\/wp\/v2\/posts\/32076\/revisions\/32079"}],"wp:attachment":[{"href":"https:\/\/www.jeanpierrevangorp.info\/site\/wp-json\/wp\/v2\/media?parent=32076"}],"wp:term":[{"taxonomy":"category","embeddable":true,"href":"https:\/\/www.jeanpierrevangorp.info\/site\/wp-json\/wp\/v2\/categories?post=32076"},{"taxonomy":"post_tag","embeddable":true,"href":"https:\/\/www.jeanpierrevangorp.info\/site\/wp-json\/wp\/v2\/tags?post=32076"}],"curies":[{"name":"wp","href":"https:\/\/api.w.org\/{rel}","templated":true}]}}