{"id":32083,"date":"2026-04-28T10:03:10","date_gmt":"2026-04-28T09:03:10","guid":{"rendered":"https:\/\/www.jeanpierrevangorp.info\/site\/?p=32083"},"modified":"2026-04-29T10:05:37","modified_gmt":"2026-04-29T09:05:37","slug":"ouverture-officielle-du-ska","status":"publish","type":"post","link":"https:\/\/www.jeanpierrevangorp.info\/site\/ouverture-officielle-du-ska\/","title":{"rendered":"Ouverture officielle du SKA"},"content":{"rendered":"<!--themify_builder_content-->\n<div id=\"themify_builder_content-32083\" data-postid=\"32083\" class=\"themify_builder_content themify_builder_content-32083 themify_builder tf_clear\">\n                    <div  data-lazy=\"1\" class=\"module_row themify_builder_row tb_yx7s607 tb_first tf_w\">\n                        <div class=\"row_inner col_align_top tb_col_count_1 tf_box tf_rel\">\n                        <div  data-lazy=\"1\" class=\"module_column tb-column col-full tb_t4a0607 first\">\n                    <!-- module text -->\n<div  class=\"module module-text tb_gksg387   \" data-lazy=\"1\">\n        <div  class=\"tb_text_wrap\">\n        <p><img loading=\"lazy\" decoding=\"async\" class=\"aligncenter size-medium wp-image-32084\" src=\"https:\/\/www.jeanpierrevangorp.info\/site\/wp-content\/uploads\/2026\/04\/673548230_1400683438768738_5151987427424174453_n-328x464.jpg\" alt=\"\" width=\"328\" height=\"464\" srcset=\"https:\/\/www.jeanpierrevangorp.info\/site\/wp-content\/uploads\/2026\/04\/673548230_1400683438768738_5151987427424174453_n-328x464.jpg 328w, https:\/\/www.jeanpierrevangorp.info\/site\/wp-content\/uploads\/2026\/04\/673548230_1400683438768738_5151987427424174453_n-724x1024.jpg 724w, https:\/\/www.jeanpierrevangorp.info\/site\/wp-content\/uploads\/2026\/04\/673548230_1400683438768738_5151987427424174453_n-768x1086.jpg 768w, https:\/\/www.jeanpierrevangorp.info\/site\/wp-content\/uploads\/2026\/04\/673548230_1400683438768738_5151987427424174453_n-1086x1536.jpg 1086w, https:\/\/www.jeanpierrevangorp.info\/site\/wp-content\/uploads\/2026\/04\/673548230_1400683438768738_5151987427424174453_n.jpg 1448w\" sizes=\"(max-width: 328px) 100vw, 328px\" \/><\/p><p>Le <strong>nouveau centre culturel de Schaerbeek \u00ab\u00a0SKA\u00a0\u00bb<\/strong> ouvrira officiellement ses portes le 30 mai 2026. Situ\u00e9 <strong>chauss\u00e9e de Haecht, 300<\/strong> pr\u00e8s de l&rsquo;\u00e9glise Saint Servais, il a \u00e9t\u00e9 construit dans le cadre du contrat de quartier durable \u00ab\u00a0Pogge\u00a0\u00bb.\u00a0\u00a0<\/p>    <\/div>\n<\/div>\n<!-- \/module text -->        <\/div>\n                        <\/div>\n        <\/div>\n        <\/div>\n<!--\/themify_builder_content-->","protected":false},"excerpt":{"rendered":"<p>Le nouveau centre culturel de Schaerbeek \u00ab\u00a0SKA\u00a0\u00bb ouvrira officiellement ses portes le 30 mai 2026. Situ\u00e9 chauss\u00e9e de Haecht, 300 pr\u00e8s de l&rsquo;\u00e9glise Saint Servais, il a \u00e9t\u00e9 construit dans le cadre du contrat de quartier durable \u00ab\u00a0Pogge\u00a0\u00bb.\u00a0\u00a0<\/p>\n","protected":false},"author":1,"featured_media":0,"comment_status":"closed","ping_status":"closed","sticky":false,"template":"","format":"standard","meta":{"footnotes":""},"categories":[9],"tags":[],"class_list":["post-32083","post","type-post","status-publish","format-standard","hentry","category-actualites-schaerbeekoises","has-post-title","has-post-date","has-post-category","has-post-tag","has-post-comment","has-post-author",""],"builder_content":"<p><img loading=\"lazy\" decoding=\"async\" src=\"https:\/\/www.jeanpierrevangorp.info\/site\/wp-content\/uploads\/2026\/04\/673548230_1400683438768738_5151987427424174453_n-328x464.jpg\" alt=\"\" width=\"328\" height=\"464\" srcset=\"https:\/\/www.jeanpierrevangorp.info\/site\/wp-content\/uploads\/2026\/04\/673548230_1400683438768738_5151987427424174453_n-328x464.jpg 328w, https:\/\/www.jeanpierrevangorp.info\/site\/wp-content\/uploads\/2026\/04\/673548230_1400683438768738_5151987427424174453_n-724x1024.jpg 724w, https:\/\/www.jeanpierrevangorp.info\/site\/wp-content\/uploads\/2026\/04\/673548230_1400683438768738_5151987427424174453_n-768x1086.jpg 768w, https:\/\/www.jeanpierrevangorp.info\/site\/wp-content\/uploads\/2026\/04\/673548230_1400683438768738_5151987427424174453_n-1086x1536.jpg 1086w, https:\/\/www.jeanpierrevangorp.info\/site\/wp-content\/uploads\/2026\/04\/673548230_1400683438768738_5151987427424174453_n.jpg 1448w\" sizes=\"(max-width: 328px) 100vw, 328px\" \/><\/p><p>Le <strong>nouveau centre culturel de Schaerbeek \"SKA\"<\/strong> ouvrira officiellement ses portes le 30 mai 2026. Situ\u00e9 <strong>chauss\u00e9e de Haecht, 300<\/strong> pr\u00e8s de l'\u00e9glise Saint Servais, il a \u00e9t\u00e9 construit dans le cadre du contrat de quartier durable \"Pogge\".\u00a0\u00a0<\/p>","_links":{"self":[{"href":"https:\/\/www.jeanpierrevangorp.info\/site\/wp-json\/wp\/v2\/posts\/32083"}],"collection":[{"href":"https:\/\/www.jeanpierrevangorp.info\/site\/wp-json\/wp\/v2\/posts"}],"about":[{"href":"https:\/\/www.jeanpierrevangorp.info\/site\/wp-json\/wp\/v2\/types\/post"}],"author":[{"embeddable":true,"href":"https:\/\/www.jeanpierrevangorp.info\/site\/wp-json\/wp\/v2\/users\/1"}],"replies":[{"embeddable":true,"href":"https:\/\/www.jeanpierrevangorp.info\/site\/wp-json\/wp\/v2\/comments?post=32083"}],"version-history":[{"count":2,"href":"https:\/\/www.jeanpierrevangorp.info\/site\/wp-json\/wp\/v2\/posts\/32083\/revisions"}],"predecessor-version":[{"id":32086,"href":"https:\/\/www.jeanpierrevangorp.info\/site\/wp-json\/wp\/v2\/posts\/32083\/revisions\/32086"}],"wp:attachment":[{"href":"https:\/\/www.jeanpierrevangorp.info\/site\/wp-json\/wp\/v2\/media?parent=32083"}],"wp:term":[{"taxonomy":"category","embeddable":true,"href":"https:\/\/www.jeanpierrevangorp.info\/site\/wp-json\/wp\/v2\/categories?post=32083"},{"taxonomy":"post_tag","embeddable":true,"href":"https:\/\/www.jeanpierrevangorp.info\/site\/wp-json\/wp\/v2\/tags?post=32083"}],"curies":[{"name":"wp","href":"https:\/\/api.w.org\/{rel}","templated":true}]}}