{"id":32418,"date":"2026-09-01T08:17:50","date_gmt":"2026-09-01T07:17:50","guid":{"rendered":"https:\/\/www.jeanpierrevangorp.info\/site\/?p=32418"},"modified":"2026-09-01T08:17:51","modified_gmt":"2026-09-01T07:17:51","slug":"friche-josaphat-nouvelle-enquete-publique","status":"publish","type":"post","link":"https:\/\/www.jeanpierrevangorp.info\/site\/friche-josaphat-nouvelle-enquete-publique\/","title":{"rendered":"Friche Josaphat : nouvelle enqu\u00eate publique"},"content":{"rendered":"<!--themify_builder_content-->\n<div id=\"themify_builder_content-32418\" data-postid=\"32418\" class=\"themify_builder_content themify_builder_content-32418 themify_builder tf_clear\">\n                    <div  data-lazy=\"1\" class=\"module_row themify_builder_row tb_t6ah420 tb_first tf_w\">\n                        <div class=\"row_inner col_align_top tb_col_count_1 tf_box tf_rel\">\n                        <div  data-lazy=\"1\" class=\"module_column tb-column col-full tb_2qfw421 first\">\n                    <!-- module text -->\n<div  class=\"module module-text tb_6wdi275   \" data-lazy=\"1\">\n        <div  class=\"tb_text_wrap\">\n        <p><img loading=\"lazy\" decoding=\"async\" class=\"aligncenter size-medium wp-image-32419\" src=\"https:\/\/www.jeanpierrevangorp.info\/site\/wp-content\/uploads\/2026\/09\/785605744_122168081390404895_2846261364762359819_n-464x261.jpg\" alt=\"\" width=\"464\" height=\"261\" srcset=\"https:\/\/www.jeanpierrevangorp.info\/site\/wp-content\/uploads\/2026\/09\/785605744_122168081390404895_2846261364762359819_n-464x261.jpg 464w, https:\/\/www.jeanpierrevangorp.info\/site\/wp-content\/uploads\/2026\/09\/785605744_122168081390404895_2846261364762359819_n-768x432.jpg 768w, https:\/\/www.jeanpierrevangorp.info\/site\/wp-content\/uploads\/2026\/09\/785605744_122168081390404895_2846261364762359819_n.jpg 864w\" sizes=\"(max-width: 464px) 100vw, 464px\" \/><\/p><p>Nouvelle <strong>enqu\u00eate publique<\/strong> concernant le projet d&rsquo;urbanisation de la <strong>friche Josaphat \u00e0 Schaerbeek<\/strong> se d\u00e9roule jusqu\u2019au <strong>26 septembre 2026<\/strong>.<\/p><p>Il s\u2019agit d\u2019un projet d&rsquo;am\u00e9nagement et de permis de lotir pr\u00e9voyant entre autres la cr\u00e9ation d&rsquo;un nouveau quartier avec plus de 500 logements publics et une \u00e9cole.<\/p><p>La<strong> commission de concertation<\/strong> aura lieu le <strong>12 octobre 2026<\/strong>. Cliquez<a href=\"https:\/\/openpermits.brussels\/fr\/_15\/LPFD\/1915545\/reaction?fbclid=IwcGRvZgFleHRuA2FlbQIxMABicmlkETBndjlmVHd4NWZKcHQ0VEZXc3J0YwZhcHBfaWQQMjIyMDM5MTc4ODIwMDg5MgABHnS_k0bZ-0pZ16TDwvbkCOjZzKpXnsrpkNaKEkBXqD212N8Q7kyzsfFSrtKZ_aem_1p3qyRPY-LDsQqkaWld0Ag\"> ici.<\/a><\/p><p>\u00a0<\/p>    <\/div>\n<\/div>\n<!-- \/module text -->        <\/div>\n                        <\/div>\n        <\/div>\n        <\/div>\n<!--\/themify_builder_content-->","protected":false},"excerpt":{"rendered":"<p>Nouvelle enqu\u00eate publique concernant le projet d&rsquo;urbanisation de la friche Josaphat \u00e0 Schaerbeek se d\u00e9roule jusqu\u2019au 26 septembre 2026.Il s\u2019agit d\u2019un projet d&rsquo;am\u00e9nagement et de permis de lotir pr\u00e9voyant entre autres la cr\u00e9ation d&rsquo;un nouveau quartier avec plus de 500 logements publics et une \u00e9cole.La commission de concertation aura lieu le 12 octobre 2026. Cliquez [&hellip;]<\/p>\n","protected":false},"author":1,"featured_media":0,"comment_status":"closed","ping_status":"closed","sticky":false,"template":"","format":"standard","meta":{"footnotes":""},"categories":[9],"tags":[],"class_list":["post-32418","post","type-post","status-publish","format-standard","hentry","category-actualites-schaerbeekoises","has-post-title","has-post-date","has-post-category","has-post-tag","has-post-comment","has-post-author",""],"builder_content":"<p><img loading=\"lazy\" decoding=\"async\" src=\"https:\/\/www.jeanpierrevangorp.info\/site\/wp-content\/uploads\/2026\/09\/785605744_122168081390404895_2846261364762359819_n-464x261.jpg\" alt=\"\" width=\"464\" height=\"261\" srcset=\"https:\/\/www.jeanpierrevangorp.info\/site\/wp-content\/uploads\/2026\/09\/785605744_122168081390404895_2846261364762359819_n-464x261.jpg 464w, https:\/\/www.jeanpierrevangorp.info\/site\/wp-content\/uploads\/2026\/09\/785605744_122168081390404895_2846261364762359819_n-768x432.jpg 768w, https:\/\/www.jeanpierrevangorp.info\/site\/wp-content\/uploads\/2026\/09\/785605744_122168081390404895_2846261364762359819_n.jpg 864w\" sizes=\"(max-width: 464px) 100vw, 464px\" \/><\/p><p>Nouvelle <strong>enqu\u00eate publique<\/strong> concernant le projet d'urbanisation de la <strong>friche Josaphat \u00e0 Schaerbeek<\/strong> se d\u00e9roule jusqu\u2019au <strong>26 septembre 2026<\/strong>.<\/p><p>Il s\u2019agit d\u2019un projet d'am\u00e9nagement et de permis de lotir pr\u00e9voyant entre autres la cr\u00e9ation d'un nouveau quartier avec plus de 500 logements publics et une \u00e9cole.<\/p><p>La<strong> commission de concertation<\/strong> aura lieu le <strong>12 octobre 2026<\/strong>. Cliquez<a href=\"https:\/\/openpermits.brussels\/fr\/_15\/LPFD\/1915545\/reaction?fbclid=IwcGRvZgFleHRuA2FlbQIxMABicmlkETBndjlmVHd4NWZKcHQ0VEZXc3J0YwZhcHBfaWQQMjIyMDM5MTc4ODIwMDg5MgABHnS_k0bZ-0pZ16TDwvbkCOjZzKpXnsrpkNaKEkBXqD212N8Q7kyzsfFSrtKZ_aem_1p3qyRPY-LDsQqkaWld0Ag\"> ici.<\/a><\/p><p>\u00a0<\/p>","_links":{"self":[{"href":"https:\/\/www.jeanpierrevangorp.info\/site\/wp-json\/wp\/v2\/posts\/32418"}],"collection":[{"href":"https:\/\/www.jeanpierrevangorp.info\/site\/wp-json\/wp\/v2\/posts"}],"about":[{"href":"https:\/\/www.jeanpierrevangorp.info\/site\/wp-json\/wp\/v2\/types\/post"}],"author":[{"embeddable":true,"href":"https:\/\/www.jeanpierrevangorp.info\/site\/wp-json\/wp\/v2\/users\/1"}],"replies":[{"embeddable":true,"href":"https:\/\/www.jeanpierrevangorp.info\/site\/wp-json\/wp\/v2\/comments?post=32418"}],"version-history":[{"count":1,"href":"https:\/\/www.jeanpierrevangorp.info\/site\/wp-json\/wp\/v2\/posts\/32418\/revisions"}],"predecessor-version":[{"id":32420,"href":"https:\/\/www.jeanpierrevangorp.info\/site\/wp-json\/wp\/v2\/posts\/32418\/revisions\/32420"}],"wp:attachment":[{"href":"https:\/\/www.jeanpierrevangorp.info\/site\/wp-json\/wp\/v2\/media?parent=32418"}],"wp:term":[{"taxonomy":"category","embeddable":true,"href":"https:\/\/www.jeanpierrevangorp.info\/site\/wp-json\/wp\/v2\/categories?post=32418"},{"taxonomy":"post_tag","embeddable":true,"href":"https:\/\/www.jeanpierrevangorp.info\/site\/wp-json\/wp\/v2\/tags?post=32418"}],"curies":[{"name":"wp","href":"https:\/\/api.w.org\/{rel}","templated":true}]}}