{"id":32439,"date":"2026-09-04T09:29:01","date_gmt":"2026-09-04T08:29:01","guid":{"rendered":"https:\/\/www.jeanpierrevangorp.info\/site\/?p=32439"},"modified":"2026-09-04T09:29:02","modified_gmt":"2026-09-04T08:29:02","slug":"faire-part-de-bob-delvigne","status":"publish","type":"post","link":"https:\/\/www.jeanpierrevangorp.info\/site\/faire-part-de-bob-delvigne\/","title":{"rendered":"Faire-part de Bob Delvigne"},"content":{"rendered":"<!--themify_builder_content-->\n<div id=\"themify_builder_content-32439\" data-postid=\"32439\" class=\"themify_builder_content themify_builder_content-32439 themify_builder tf_clear\">\n                    <div  data-lazy=\"1\" class=\"module_row themify_builder_row tb_s2jr146 tb_first tf_w\">\n                        <div class=\"row_inner col_align_top tb_col_count_1 tf_box tf_rel\">\n                        <div  data-lazy=\"1\" class=\"module_column tb-column col-full tb_oxsw147 first\">\n                    <!-- module text -->\n<div  class=\"module module-text tb_h0f1826   \" data-lazy=\"1\">\n        <div  class=\"tb_text_wrap\">\n        <p><img loading=\"lazy\" decoding=\"async\" class=\"aligncenter size-medium wp-image-32440\" src=\"https:\/\/www.jeanpierrevangorp.info\/site\/wp-content\/uploads\/2026\/09\/791312739_4606193066317140_6795058188333429714_n-314x464.jpg\" alt=\"\" width=\"314\" height=\"464\" srcset=\"https:\/\/www.jeanpierrevangorp.info\/site\/wp-content\/uploads\/2026\/09\/791312739_4606193066317140_6795058188333429714_n-314x464.jpg 314w, https:\/\/www.jeanpierrevangorp.info\/site\/wp-content\/uploads\/2026\/09\/791312739_4606193066317140_6795058188333429714_n.jpg 667w\" sizes=\"(max-width: 314px) 100vw, 314px\" \/><\/p><p>L&rsquo;adieu \u00e0<strong> Bob Delvigne<\/strong> aura lieu <strong>mercredi 9 septembre 2026<\/strong> au cr\u00e9matorium \u00e0 Evere (avenue Jumes Bordet, 35) \u00e0 partir de 12h30.\u00a0\u00a0<\/p>    <\/div>\n<\/div>\n<!-- \/module text -->        <\/div>\n                        <\/div>\n        <\/div>\n        <\/div>\n<!--\/themify_builder_content-->","protected":false},"excerpt":{"rendered":"<p>L&rsquo;adieu \u00e0 Bob Delvigne aura lieu mercredi 9 septembre 2026 au cr\u00e9matorium \u00e0 Evere (avenue Jumes Bordet, 35) \u00e0 partir de 12h30.\u00a0\u00a0<\/p>\n","protected":false},"author":1,"featured_media":0,"comment_status":"closed","ping_status":"closed","sticky":false,"template":"","format":"standard","meta":{"footnotes":""},"categories":[9],"tags":[],"class_list":["post-32439","post","type-post","status-publish","format-standard","hentry","category-actualites-schaerbeekoises","has-post-title","has-post-date","has-post-category","has-post-tag","has-post-comment","has-post-author",""],"builder_content":"<p><img loading=\"lazy\" decoding=\"async\" src=\"https:\/\/www.jeanpierrevangorp.info\/site\/wp-content\/uploads\/2026\/09\/791312739_4606193066317140_6795058188333429714_n-314x464.jpg\" alt=\"\" width=\"314\" height=\"464\" srcset=\"https:\/\/www.jeanpierrevangorp.info\/site\/wp-content\/uploads\/2026\/09\/791312739_4606193066317140_6795058188333429714_n-314x464.jpg 314w, https:\/\/www.jeanpierrevangorp.info\/site\/wp-content\/uploads\/2026\/09\/791312739_4606193066317140_6795058188333429714_n.jpg 667w\" sizes=\"(max-width: 314px) 100vw, 314px\" \/><\/p><p>L'adieu \u00e0<strong> Bob Delvigne<\/strong> aura lieu <strong>mercredi 9 septembre 2026<\/strong> au cr\u00e9matorium \u00e0 Evere (avenue Jumes Bordet, 35) \u00e0 partir de 12h30.\u00a0\u00a0<\/p>","_links":{"self":[{"href":"https:\/\/www.jeanpierrevangorp.info\/site\/wp-json\/wp\/v2\/posts\/32439"}],"collection":[{"href":"https:\/\/www.jeanpierrevangorp.info\/site\/wp-json\/wp\/v2\/posts"}],"about":[{"href":"https:\/\/www.jeanpierrevangorp.info\/site\/wp-json\/wp\/v2\/types\/post"}],"author":[{"embeddable":true,"href":"https:\/\/www.jeanpierrevangorp.info\/site\/wp-json\/wp\/v2\/users\/1"}],"replies":[{"embeddable":true,"href":"https:\/\/www.jeanpierrevangorp.info\/site\/wp-json\/wp\/v2\/comments?post=32439"}],"version-history":[{"count":2,"href":"https:\/\/www.jeanpierrevangorp.info\/site\/wp-json\/wp\/v2\/posts\/32439\/revisions"}],"predecessor-version":[{"id":32442,"href":"https:\/\/www.jeanpierrevangorp.info\/site\/wp-json\/wp\/v2\/posts\/32439\/revisions\/32442"}],"wp:attachment":[{"href":"https:\/\/www.jeanpierrevangorp.info\/site\/wp-json\/wp\/v2\/media?parent=32439"}],"wp:term":[{"taxonomy":"category","embeddable":true,"href":"https:\/\/www.jeanpierrevangorp.info\/site\/wp-json\/wp\/v2\/categories?post=32439"},{"taxonomy":"post_tag","embeddable":true,"href":"https:\/\/www.jeanpierrevangorp.info\/site\/wp-json\/wp\/v2\/tags?post=32439"}],"curies":[{"name":"wp","href":"https:\/\/api.w.org\/{rel}","templated":true}]}}