{"id":3453,"date":"2007-12-13T08:05:06","date_gmt":"2007-12-13T07:05:06","guid":{"rendered":"http:\/\/www.jeanpierrevangorp.info\/site\/?p=3453"},"modified":"2007-12-13T08:06:25","modified_gmt":"2007-12-13T07:06:25","slug":"anna-colombo-secretaire-generale-du-groupe-socialiste-au-parlement-europeen","status":"publish","type":"post","link":"https:\/\/www.jeanpierrevangorp.info\/site\/anna-colombo-secretaire-generale-du-groupe-socialiste-au-parlement-europeen\/","title":{"rendered":"Anna Colombo, Secr\u00e9taire g\u00e9n\u00e9rale du groupe socialiste au Parlement Europ\u00e9en"},"content":{"rendered":"<p style=\"text-align: center\"><img decoding=\"async\" src=\"https:\/\/www.jeanpierrevangorp.info\/site\/wp-content\/uploads\/2007\/12\/anna.jpg\" alt=\"anna.jpg\" \/><\/p>\n<p>La <strong>section PS de Schaerbeek<\/strong> compte de nombreux militants et sympathisants. Parmi ceux-ci, une femme remarquable qui occupe de plus le poste de <strong>Secr\u00e9taire g\u00e9n\u00e9rale du groupe socialiste au Parlement Europ\u00e9en<\/strong>. Il s&rsquo;agit d&rsquo;<strong>Anna Colombo.<\/strong><\/p>\n<p>J&rsquo;ai rencontr\u00e9 <strong>Anna Colombo<\/strong> au cours de la campagne \u00e9lectorale pour les \u00e9lections communales en 2006. Rapidement, j&rsquo;ai nou\u00e9 d&rsquo;excellents contact avec Anna et sa famille et d\u00e9couvert que nous \u00e9tions de plus de proches voisins. N\u00e9e \u00e0 G\u00eanes en Italie, cette impresionnante polyglotte est arriv\u00e9e en Belgique en 1987 pour travailler au Parlement Europ\u00e9en et y gravir au fur et \u00e0 mesure les diff\u00e9rents \u00e9chelons. \u00a0<\/p>\n<p><!--more--><\/p>\n<p>Pour une section locale d&rsquo;un parti, il est toujours extr\u00eamement enrichissant de compter dans ses rangs des personnalit\u00e9s aussi impliqu\u00e9es au quotiden comme l&rsquo;est Anna au sein du Parlement Europ\u00e9en.<\/p>\n<p>R\u00e9cemment, l&rsquo;asbl pour seniors \u00ab\u00a0<em><strong>Les copains \u00e0 bord<\/strong><\/em>\u00a0\u00bb a eu le privil\u00e8ge d&rsquo;effectuer une visite du Parlement Europ\u00e9en \u00e0 Bruxelles sous la houlette d&rsquo;Anna et\u00a0de ses collaborateurs.<\/p>\n<p>Le Secr\u00e9tariat G\u00e9n\u00e9ral du groupe PS au Parlement Europ\u00e9en\u00a0a pour missions de :<\/p>\n<ul>\n<li>prodiguer des conseils et apporter un soutien technique aux d\u00e9put\u00e9s travaillant en commission<\/li>\n<li>pr\u00e9parer une information d\u00e9taill\u00e9e sur les votes \u00e0 l&rsquo;attention des \u00e9lus du Groupe<\/li>\n<li>n\u00e9gocier avec le personnel des autres groupes politiques des temps de parole lors des d\u00e9bats parlementaires<\/li>\n<li>\u00e9valuer le degr\u00e9 de soutien parlementaire en faveur des positions socialistes\u00a0<\/li>\n<\/ul>\n","protected":false},"excerpt":{"rendered":"<p>La section PS de Schaerbeek compte de nombreux militants et sympathisants. Parmi ceux-ci, une femme remarquable qui occupe de plus le poste de Secr\u00e9taire g\u00e9n\u00e9rale du groupe socialiste au Parlement Europ\u00e9en. Il s&rsquo;agit d&rsquo;Anna Colombo. J&rsquo;ai rencontr\u00e9 Anna Colombo au cours de la campagne \u00e9lectorale pour les \u00e9lections communales en 2006. Rapidement, j&rsquo;ai nou\u00e9 d&rsquo;excellents [&hellip;]<\/p>\n","protected":false},"author":1,"featured_media":0,"comment_status":"closed","ping_status":"closed","sticky":false,"template":"","format":"standard","meta":{"footnotes":""},"categories":[33],"tags":[],"class_list":["post-3453","post","type-post","status-publish","format-standard","hentry","category-ps-europe","has-post-title","has-post-date","has-post-category","has-post-tag","has-post-comment","has-post-author",""],"builder_content":"","_links":{"self":[{"href":"https:\/\/www.jeanpierrevangorp.info\/site\/wp-json\/wp\/v2\/posts\/3453"}],"collection":[{"href":"https:\/\/www.jeanpierrevangorp.info\/site\/wp-json\/wp\/v2\/posts"}],"about":[{"href":"https:\/\/www.jeanpierrevangorp.info\/site\/wp-json\/wp\/v2\/types\/post"}],"author":[{"embeddable":true,"href":"https:\/\/www.jeanpierrevangorp.info\/site\/wp-json\/wp\/v2\/users\/1"}],"replies":[{"embeddable":true,"href":"https:\/\/www.jeanpierrevangorp.info\/site\/wp-json\/wp\/v2\/comments?post=3453"}],"version-history":[{"count":0,"href":"https:\/\/www.jeanpierrevangorp.info\/site\/wp-json\/wp\/v2\/posts\/3453\/revisions"}],"wp:attachment":[{"href":"https:\/\/www.jeanpierrevangorp.info\/site\/wp-json\/wp\/v2\/media?parent=3453"}],"wp:term":[{"taxonomy":"category","embeddable":true,"href":"https:\/\/www.jeanpierrevangorp.info\/site\/wp-json\/wp\/v2\/categories?post=3453"},{"taxonomy":"post_tag","embeddable":true,"href":"https:\/\/www.jeanpierrevangorp.info\/site\/wp-json\/wp\/v2\/tags?post=3453"}],"curies":[{"name":"wp","href":"https:\/\/api.w.org\/{rel}","templated":true}]}}