{"id":575,"date":"2007-04-16T07:53:07","date_gmt":"2007-04-16T06:53:07","guid":{"rendered":"http:\/\/www.jeanpierrevangorp.info\/site\/?p=575"},"modified":"2007-04-16T08:49:30","modified_gmt":"2007-04-16T07:49:30","slug":"ladministration-tenue-detre-au-service-decolo","status":"publish","type":"post","link":"https:\/\/www.jeanpierrevangorp.info\/site\/ladministration-tenue-detre-au-service-decolo\/","title":{"rendered":"L&rsquo;administration tenue d&rsquo;\u00eatre au service d&rsquo;Ecolo ?"},"content":{"rendered":"<p>D\u00e9cid\u00e9ment, on est vraiment loin, tr\u00e8s loin des d\u00e9clarations de bonnes intentions relatives \u00e0 la <strong>bonne gouvernance<\/strong> chez <strong>Ecolo<\/strong>. Derni\u00e8re histoire en date qui a provoqu\u00e9 des grincements de dents dans les couloirs de l&rsquo;H\u00f4tel communal et surtout au service Infrastructures :\u00a0l&rsquo;initiative de la <strong>plantation de 3 arbres au parc Albert<\/strong> par la <strong>section Ecolo et Groen! de Schaerbeek<\/strong>.<\/p>\n<p>Jusque l\u00e0, pas de quoi s&#8217;emballer. Toutefois, lorsqu&rsquo;on apprend que cette\u00a0initiative politique implique qu&rsquo;un camion de l&rsquo;administration communale aille chercher les 3 arbres dans une p\u00e9pini\u00e8re hors de Bruxelles, il y a de quoi hoqueter.<!--more--><\/p>\n<p>Fort heureusement, certains \u00e9chevins sentant qu&rsquo;une acceptation aurait cr\u00e9\u00e9 un toll\u00e9, se sont ravis\u00e9s et finalement le Coll\u00e8ge n&rsquo;a pas r\u00e9serv\u00e9 de suite favorable \u00e0 cette demande de transport.<\/p>\n<p>En effet, si pareille demande avait \u00e9t\u00e9 accept\u00e9e, on aurait l\u00e9gitimement pu s&rsquo;interroger sur ce qui aurait justifi\u00e9 que\u00a0des services communaux soient \u00e0 la disposition d&rsquo;un parti politique m\u00eame si je suppose que les frais auraient quand m\u00eame \u00e9t\u00e9 pris en charge par Ecolo-Schaerbeek.\u00a0<\/p>\n<p>Je m&rsquo;\u00e9tonne tr\u00e8s sinc\u00e8rement de la ligne de conduite d&rsquo;Ecolo \u00e0 Schaerbeek. Passons sur le vaudeville du remplacement d&rsquo;un de leurs \u00e9chevins, les avatars de la biblioth\u00e8que de l&rsquo;\u00e9chevin Luc Denys, &#8230; mais lorsque l&rsquo;on apprend pareille chose et m\u00eame si <em>in fine<\/em> cela ne s&rsquo;est pas concr\u00e9tis\u00e9,\u00a0je ne peux m&#8217;emp\u00eacher de r\u00e9agir.<\/p>\n<p>Si je le fais, c&rsquo;est avant tout car\u00a0<strong>Madame Durant<\/strong> qui n&rsquo;a eu de cesse de donner des le\u00e7ons aux uns et autres au cours de la campagne \u00e9lectorale, semble avoir la m\u00e9moire tr\u00e8s s\u00e9lective.<\/p>\n<p>Il est d\u00e9j\u00e0 loin le temps o\u00f9 Ecolo Schaerbeek s&rsquo;\u00e9poumonait \u00e0 l&rsquo;annonce que le MR-Bruxelles avait tenu une r\u00e9union politique dans la Salle des Mariages de l&rsquo;H\u00f4tel communal de Schaerbeek sans autorisation pr\u00e9alable&#8230; \u00a0\u00a0\u00a0\u00a0\u00a0\u00a0<\/p>\n","protected":false},"excerpt":{"rendered":"<p>D\u00e9cid\u00e9ment, on est vraiment loin, tr\u00e8s loin des d\u00e9clarations de bonnes intentions relatives \u00e0 la bonne gouvernance chez Ecolo. Derni\u00e8re histoire en date qui a provoqu\u00e9 des grincements de dents dans les couloirs de l&rsquo;H\u00f4tel communal et surtout au service Infrastructures :\u00a0l&rsquo;initiative de la plantation de 3 arbres au parc Albert par la section Ecolo [&hellip;]<\/p>\n","protected":false},"author":1,"featured_media":0,"comment_status":"closed","ping_status":"closed","sticky":false,"template":"","format":"standard","meta":{"footnotes":""},"categories":[9],"tags":[],"class_list":["post-575","post","type-post","status-publish","format-standard","hentry","category-actualites-schaerbeekoises","has-post-title","has-post-date","has-post-category","has-post-tag","has-post-comment","has-post-author",""],"builder_content":"","_links":{"self":[{"href":"https:\/\/www.jeanpierrevangorp.info\/site\/wp-json\/wp\/v2\/posts\/575"}],"collection":[{"href":"https:\/\/www.jeanpierrevangorp.info\/site\/wp-json\/wp\/v2\/posts"}],"about":[{"href":"https:\/\/www.jeanpierrevangorp.info\/site\/wp-json\/wp\/v2\/types\/post"}],"author":[{"embeddable":true,"href":"https:\/\/www.jeanpierrevangorp.info\/site\/wp-json\/wp\/v2\/users\/1"}],"replies":[{"embeddable":true,"href":"https:\/\/www.jeanpierrevangorp.info\/site\/wp-json\/wp\/v2\/comments?post=575"}],"version-history":[{"count":0,"href":"https:\/\/www.jeanpierrevangorp.info\/site\/wp-json\/wp\/v2\/posts\/575\/revisions"}],"wp:attachment":[{"href":"https:\/\/www.jeanpierrevangorp.info\/site\/wp-json\/wp\/v2\/media?parent=575"}],"wp:term":[{"taxonomy":"category","embeddable":true,"href":"https:\/\/www.jeanpierrevangorp.info\/site\/wp-json\/wp\/v2\/categories?post=575"},{"taxonomy":"post_tag","embeddable":true,"href":"https:\/\/www.jeanpierrevangorp.info\/site\/wp-json\/wp\/v2\/tags?post=575"}],"curies":[{"name":"wp","href":"https:\/\/api.w.org\/{rel}","templated":true}]}}