{"id":59,"date":"2007-01-12T17:34:51","date_gmt":"2007-01-12T16:34:51","guid":{"rendered":"http:\/\/www.jeanpierrevangorp.info\/site\/?p=59"},"modified":"2007-01-31T17:37:08","modified_gmt":"2007-01-31T16:37:08","slug":"la-place-colonel-bremer","status":"publish","type":"post","link":"https:\/\/www.jeanpierrevangorp.info\/site\/la-place-colonel-bremer\/","title":{"rendered":"La place Colonel Bremer"},"content":{"rendered":"<p style=\"text-align: center\"><img decoding=\"async\" src=\"https:\/\/www.jeanpierrevangorp.info\/site\/wp-content\/uploads\/2007\/01\/070112b_bremer.jpg\" alt=\"Schaerbeek - Place Bremer\" \/><\/p>\n<p>C&rsquo;est l&rsquo;un des am\u00e9nagements dont je suis le plus fier \u00e0 Schaerbeek. Ainsi, lorsque j&rsquo;\u00e9tais en charge des Travaux publics, la <strong>R\u00e9gion de Bruxelles-Capitale<\/strong> via le cabinet du Ministre Chabert avait d\u00e9cid\u00e9 de proc\u00e9der \u00e0 un r\u00e9am\u00e9nagement complet de<strong> la place Colonel Bremer<\/strong> en ne tenant toutefois pas compte des sp\u00e9cificit\u00e9s de ce quartier o\u00f9 sont \u00e9tablis de nombreux commerces de proximit\u00e9.<!--more--><br \/>\nLe tra\u00e7age au sol initialement pr\u00e9vu ne permettait m\u00eame plus le passage de camions et des autobus, c&rsquo;est dire ! Fort heureusement, gr\u00e2ce \u00e0 la tr\u00e8s forte mobilisation du quartier, des habitants et des commer\u00e7ants, les services communaux ont pu proposer \u00e0 la R\u00e9gion des plans modifi\u00e9s qui furent accept\u00e9s.<br \/>\nUne tr\u00e8s belle victoire rendue possible de par la mobilisation citoyenne mais aussi par la volont\u00e9 politique tr\u00e8s d\u00e9termin\u00e9e qui fut la mienne au sein du Coll\u00e8ge o\u00f9 j&rsquo;ai pu b\u00e9n\u00e9ficier du soutien de plusieurs coll\u00e8gues.<br \/>\nAujourd&rsquo;hui, la place Colonel Bremer est rest\u00e9e un lieu o\u00f9 il est agr\u00e9able de s&rsquo;arr\u00eater pour effectuer ses achats de proximit\u00e9.<\/p>\n","protected":false},"excerpt":{"rendered":"<p>C&rsquo;est l&rsquo;un des am\u00e9nagements dont je suis le plus fier \u00e0 Schaerbeek. Ainsi, lorsque j&rsquo;\u00e9tais en charge des Travaux publics, la R\u00e9gion de Bruxelles-Capitale via le cabinet du Ministre Chabert avait d\u00e9cid\u00e9 de proc\u00e9der \u00e0 un r\u00e9am\u00e9nagement complet de la place Colonel Bremer en ne tenant toutefois pas compte des sp\u00e9cificit\u00e9s de ce quartier o\u00f9 [&hellip;]<\/p>\n","protected":false},"author":1,"featured_media":0,"comment_status":"closed","ping_status":"closed","sticky":false,"template":"","format":"standard","meta":{"footnotes":""},"categories":[9],"tags":[],"class_list":["post-59","post","type-post","status-publish","format-standard","hentry","category-actualites-schaerbeekoises","has-post-title","has-post-date","has-post-category","has-post-tag","has-post-comment","has-post-author",""],"builder_content":"","_links":{"self":[{"href":"https:\/\/www.jeanpierrevangorp.info\/site\/wp-json\/wp\/v2\/posts\/59"}],"collection":[{"href":"https:\/\/www.jeanpierrevangorp.info\/site\/wp-json\/wp\/v2\/posts"}],"about":[{"href":"https:\/\/www.jeanpierrevangorp.info\/site\/wp-json\/wp\/v2\/types\/post"}],"author":[{"embeddable":true,"href":"https:\/\/www.jeanpierrevangorp.info\/site\/wp-json\/wp\/v2\/users\/1"}],"replies":[{"embeddable":true,"href":"https:\/\/www.jeanpierrevangorp.info\/site\/wp-json\/wp\/v2\/comments?post=59"}],"version-history":[{"count":0,"href":"https:\/\/www.jeanpierrevangorp.info\/site\/wp-json\/wp\/v2\/posts\/59\/revisions"}],"wp:attachment":[{"href":"https:\/\/www.jeanpierrevangorp.info\/site\/wp-json\/wp\/v2\/media?parent=59"}],"wp:term":[{"taxonomy":"category","embeddable":true,"href":"https:\/\/www.jeanpierrevangorp.info\/site\/wp-json\/wp\/v2\/categories?post=59"},{"taxonomy":"post_tag","embeddable":true,"href":"https:\/\/www.jeanpierrevangorp.info\/site\/wp-json\/wp\/v2\/tags?post=59"}],"curies":[{"name":"wp","href":"https:\/\/api.w.org\/{rel}","templated":true}]}}