{"id":60,"date":"2007-01-13T17:37:08","date_gmt":"2007-01-13T16:37:08","guid":{"rendered":"http:\/\/www.jeanpierrevangorp.info\/site\/?p=60"},"modified":"2007-11-05T09:51:53","modified_gmt":"2007-11-05T08:51:53","slug":"concert-de-nouvel-an-pour-ingrid-betancourt","status":"publish","type":"post","link":"https:\/\/www.jeanpierrevangorp.info\/site\/concert-de-nouvel-an-pour-ingrid-betancourt\/","title":{"rendered":"Concert de Nouvel An pour Ingrid Betancourt"},"content":{"rendered":"<p><strong>Ce samedi 20 janvier 2007<\/strong> \u00e0 20 heures \u00e0 <strong>la Maison du Peuple<\/strong> situ\u00e9 <strong>au Parvis de Saint Gilles<\/strong>, le comit\u00e9 \u00ab\u00a0<strong>Ingrid por la Paz<\/strong>\u00a0\u00bb asbl vous invite \u00e0 un concert de Nouvel An avec de la musique vocale latino-am\u00e9ricaine. Le concert est pr\u00e9sent\u00e9 par l&rsquo;Acad\u00e9mie de musique de Saint-Gilles sous les auspices de Madame <strong>Martine Willie<\/strong>, bourgmestre f.f. avec la participation de la chorale Anaconda et du quintette vocal Wap&rsquo;Paw.<!--more--><br \/>\n<strong>Mich\u00e8le C\u00e9dric<\/strong> sera \u00e9galement pr\u00e9sente et \u00e9voquera sa rencontre avec <strong>Ingrid B\u00e9tancourt<\/strong>, peu de temps avant son enl\u00e8vement. Les b\u00e9n\u00e9fices du concert seront vers\u00e9s \u00e0 l&rsquo;asbl \u00ab\u00a0Ingrid Por La Paz\u00a0\u00bb, qui regroupe en Belgique tous les comit\u00e9s affili\u00e9s \u00e0 la FICIB (F\u00e9d\u00e9ration Internationale des Comit\u00e9s Ingrid Betancourt).<br \/>\nRenseignements compl\u00e9mentaires : G\u00e9rard et R\u00e9gine Hittelet &#8211; 0497.02.05.57<\/p>\n","protected":false},"excerpt":{"rendered":"<p>Ce samedi 20 janvier 2007 \u00e0 20 heures \u00e0 la Maison du Peuple situ\u00e9 au Parvis de Saint Gilles, le comit\u00e9 \u00ab\u00a0Ingrid por la Paz\u00a0\u00bb asbl vous invite \u00e0 un concert de Nouvel An avec de la musique vocale latino-am\u00e9ricaine. Le concert est pr\u00e9sent\u00e9 par l&rsquo;Acad\u00e9mie de musique de Saint-Gilles sous les auspices de Madame [&hellip;]<\/p>\n","protected":false},"author":1,"featured_media":0,"comment_status":"closed","ping_status":"closed","sticky":false,"template":"","format":"standard","meta":{"footnotes":""},"categories":[32],"tags":[],"class_list":["post-60","post","type-post","status-publish","format-standard","hentry","category-ingrid-betancourt","has-post-title","has-post-date","has-post-category","has-post-tag","has-post-comment","has-post-author",""],"builder_content":"","_links":{"self":[{"href":"https:\/\/www.jeanpierrevangorp.info\/site\/wp-json\/wp\/v2\/posts\/60"}],"collection":[{"href":"https:\/\/www.jeanpierrevangorp.info\/site\/wp-json\/wp\/v2\/posts"}],"about":[{"href":"https:\/\/www.jeanpierrevangorp.info\/site\/wp-json\/wp\/v2\/types\/post"}],"author":[{"embeddable":true,"href":"https:\/\/www.jeanpierrevangorp.info\/site\/wp-json\/wp\/v2\/users\/1"}],"replies":[{"embeddable":true,"href":"https:\/\/www.jeanpierrevangorp.info\/site\/wp-json\/wp\/v2\/comments?post=60"}],"version-history":[{"count":0,"href":"https:\/\/www.jeanpierrevangorp.info\/site\/wp-json\/wp\/v2\/posts\/60\/revisions"}],"wp:attachment":[{"href":"https:\/\/www.jeanpierrevangorp.info\/site\/wp-json\/wp\/v2\/media?parent=60"}],"wp:term":[{"taxonomy":"category","embeddable":true,"href":"https:\/\/www.jeanpierrevangorp.info\/site\/wp-json\/wp\/v2\/categories?post=60"},{"taxonomy":"post_tag","embeddable":true,"href":"https:\/\/www.jeanpierrevangorp.info\/site\/wp-json\/wp\/v2\/tags?post=60"}],"curies":[{"name":"wp","href":"https:\/\/api.w.org\/{rel}","templated":true}]}}