{"id":6530,"date":"2008-12-08T07:26:10","date_gmt":"2008-12-08T06:26:10","guid":{"rendered":"http:\/\/www.jeanpierrevangorp.info\/site\/?p=6530"},"modified":"2008-12-08T07:42:56","modified_gmt":"2008-12-08T06:42:56","slug":"projet-de-la-creche-plasky-avec-destruction-dun-ilot-vert-une-victoire-citoyenne","status":"publish","type":"post","link":"https:\/\/www.jeanpierrevangorp.info\/site\/projet-de-la-creche-plasky-avec-destruction-dun-ilot-vert-une-victoire-citoyenne\/","title":{"rendered":"Projet de la cr\u00e8che Plasky avec destruction d&rsquo;un \u00eelot vert : une victoire citoyenne"},"content":{"rendered":"<p style=\"text-align: center\"><img decoding=\"async\" src=\"https:\/\/www.jeanpierrevangorp.info\/site\/wp-content\/uploads\/2008\/12\/crecheplasky.jpg\" alt=\"crecheplasky.jpg\" \/><\/p>\n<p>Il aura fallu toute la pugnacit\u00e9, la d\u00e9termination, l&rsquo;investissement tant au niveau temps que financier, la mobilisation jamais affaiblie d&rsquo;un groupe de citoyens pour que le projet de construction d&rsquo;une cr\u00e8che en int\u00e9rieur d&rsquo;\u00eelot dans la quartier Plasky, soit finalement mis \u00e0 mal par l&rsquo;auditeur du Conseil d&rsquo;Etat.<\/p>\n<p>Rendons hommage \u00e0 ces personnes qui se sont battues jusqu&rsquo;au bout, via les moyens l\u00e9gaux, pour pr\u00e9server un int\u00e9rieur d&rsquo;\u00eelot dans le quartier et ce face \u00e0 l&rsquo;intransigeance et l&rsquo;ent\u00eatement jusqu&rsquo;au-boutiste de l&rsquo;\u00e9chevin Michel De Herde suivi par toute la majorit\u00e9 MR-Ecolo.<\/p>\n<p><!--more-->Des p\u00e9titions, un blog, des campagnes d&rsquo;information, une intervention citoyenne au Conseil communal (o\u00f9 la bourgmestre se borna \u00e0 r\u00e9pondre qu&rsquo;elle ne pouvait pas r\u00e9pondre en raison de la proc\u00e9dure au Conseil d&rsquo;Etat&#8230;) et enfin un recours au Conseil d&rsquo;Etat, voil\u00e0 le parcours du combattant de ces habitants r\u00e9unis au sein de \u00ab\u00a0Save the city gardens\u00a0\u00bb.<\/p>\n<p>Le groupe PS de Schaerbeek n&rsquo;a eu de cesse de relayer tout au long de ces derniers mois les arguments pertinents des habitants, se heurtant lui aussi \u00e0 l&rsquo;irr\u00e9ductible position de la Commune de Schaerbeek, embourb\u00e9e jusqu&rsquo;au bout dans un dossier d\u00e9cid\u00e9ment bien mal emmanch\u00e9 depuis le d\u00e9part et qui a d\u00e9j\u00e0 co\u00fbt\u00e9 des sommes affolantes aux contribuables schaerbeekois si l&rsquo;on additionne le montant de l&rsquo;acquisition, les \u00e9tudes urbanistiques et les frais de justice.<\/p>\n<p>Lorsque Michel De Herde indique que le Coll\u00e8ge se pliera \u00e0 la d\u00e9cision du Conseil d&rsquo;Etat et que cela \u00ab\u00a0leur servira de le\u00e7on\u00a0\u00bb, on peut appr\u00e9cier \u00e0 sa juste valeur le ton mod\u00e9r\u00e9 et enfin lucide des \u00e9lus schaerbeekois de la majortit\u00e9 dans ce dossier sans issue pour eux. D\u00e9plorons toutefois ces propos un peu l\u00e9gers comme r\u00e9action lorsqu&rsquo;il s&rsquo;agit de l&rsquo;argent du contribuable schaerbeekois (\u00e0 qui l&rsquo;on demandera prochainement de se serrer encore un peu plus la ceinture) qui a \u00e9t\u00e9 jet\u00e9 par la fen\u00eatre.<\/p>\n<p>En tous cas, une telle mobilisation citoyenne avec au final une probable d\u00e9cision de justice (le Conseil d&rsquo;Etat devrait rendre son avis d\u00e9burt 2009)renvoyant la majorit\u00e9 MR-Ecolo \u00e0 sa copie, cela ne peut que susciter le respect. Tr\u00e8s sinc\u00e8rement, cela me rend tr\u00e8s fier de compter parmi nos concitoyens des personnes anim\u00e9es par un tel engagement citoyen. Merci tout simplement pour votre quartier, sa qualit\u00e9 de vie et la bonne gouvernance de notre commune de Schaerbeek.<\/p>\n","protected":false},"excerpt":{"rendered":"<p>Il aura fallu toute la pugnacit\u00e9, la d\u00e9termination, l&rsquo;investissement tant au niveau temps que financier, la mobilisation jamais affaiblie d&rsquo;un groupe de citoyens pour que le projet de construction d&rsquo;une cr\u00e8che en int\u00e9rieur d&rsquo;\u00eelot dans la quartier Plasky, soit finalement mis \u00e0 mal par l&rsquo;auditeur du Conseil d&rsquo;Etat. Rendons hommage \u00e0 ces personnes qui se [&hellip;]<\/p>\n","protected":false},"author":1,"featured_media":0,"comment_status":"closed","ping_status":"closed","sticky":false,"template":"","format":"standard","meta":{"footnotes":""},"categories":[9],"tags":[],"class_list":["post-6530","post","type-post","status-publish","format-standard","hentry","category-actualites-schaerbeekoises","has-post-title","has-post-date","has-post-category","has-post-tag","has-post-comment","has-post-author",""],"builder_content":"","_links":{"self":[{"href":"https:\/\/www.jeanpierrevangorp.info\/site\/wp-json\/wp\/v2\/posts\/6530"}],"collection":[{"href":"https:\/\/www.jeanpierrevangorp.info\/site\/wp-json\/wp\/v2\/posts"}],"about":[{"href":"https:\/\/www.jeanpierrevangorp.info\/site\/wp-json\/wp\/v2\/types\/post"}],"author":[{"embeddable":true,"href":"https:\/\/www.jeanpierrevangorp.info\/site\/wp-json\/wp\/v2\/users\/1"}],"replies":[{"embeddable":true,"href":"https:\/\/www.jeanpierrevangorp.info\/site\/wp-json\/wp\/v2\/comments?post=6530"}],"version-history":[{"count":0,"href":"https:\/\/www.jeanpierrevangorp.info\/site\/wp-json\/wp\/v2\/posts\/6530\/revisions"}],"wp:attachment":[{"href":"https:\/\/www.jeanpierrevangorp.info\/site\/wp-json\/wp\/v2\/media?parent=6530"}],"wp:term":[{"taxonomy":"category","embeddable":true,"href":"https:\/\/www.jeanpierrevangorp.info\/site\/wp-json\/wp\/v2\/categories?post=6530"},{"taxonomy":"post_tag","embeddable":true,"href":"https:\/\/www.jeanpierrevangorp.info\/site\/wp-json\/wp\/v2\/tags?post=6530"}],"curies":[{"name":"wp","href":"https:\/\/api.w.org\/{rel}","templated":true}]}}