{"id":6582,"date":"2008-12-10T07:14:56","date_gmt":"2008-12-10T06:14:56","guid":{"rendered":"http:\/\/www.jeanpierrevangorp.info\/site\/?p=6582"},"modified":"2008-12-10T07:18:26","modified_gmt":"2008-12-10T06:18:26","slug":"lutte-contre-le-stationnement-sur-la-placette-verhas-priorite-de-la-zone","status":"publish","type":"post","link":"https:\/\/www.jeanpierrevangorp.info\/site\/lutte-contre-le-stationnement-sur-la-placette-verhas-priorite-de-la-zone\/","title":{"rendered":"Lutte contre le stationnement sur la placette Verhas : priorit\u00e9 de la zone"},"content":{"rendered":"<p style=\"text-align: center\"><img decoding=\"async\" src=\"https:\/\/www.jeanpierrevangorp.info\/site\/wp-content\/uploads\/2008\/12\/verhas.jpg\" alt=\"verhas.jpg\" \/><\/p>\n<p>J&rsquo;avais d\u00e9j\u00e0 interpell\u00e9 le <strong>Conseil de la zone de police Schaerbeek-Evere-Saint Josse <\/strong>\u00e0 propos du stationnement en infraction sur la<strong> placette Verhas<\/strong> (au carrefour entre les rues Verhas et Vondel). En effet, la pr\u00e9sence de v\u00e9hicules \u00e0 cet endroit g\u00eane fortement au moment d&rsquo;effectuer des manoeuvres notamment un demi-tour.<\/p>\n<p>Comprenant certes parfaitement que les rues adjacentes sont assez congestionn\u00e9es mais souhaitant que le code de la route soit respect\u00e9 en vue de garantir une s\u00e9curit\u00e9 maximale, j&rsquo;ai \u00e0 nouveau interpell\u00e9 le <strong>commissaire-divisionnaire Yansenne<\/strong> lors de la r\u00e9union du <strong>Conseil de police<\/strong> de ce 9 d\u00e9cembre 2008.<\/p>\n<p><!--more-->Le commissiare-divisionnaire indiqua que suite \u00e0 des patrouilles de rep\u00e9rage, il s&rsquo;av\u00e9rait en effet que le stationnement de v\u00e9hicules \u00e0 cet endroit provoquait une g\u00eane pour la circulation. Deux actions de pr\u00e9vention ont d&rsquo;ores et d\u00e9j\u00e0 \u00e9t\u00e9 men\u00e9es aupr\u00e8s des riverains.<\/p>\n<p>La lutte contre le stationnement en infraction sur la placette Verhas fait \u00e0 pr\u00e9sent partie des priorit\u00e9s dans la campagne mise en place par la zone de police. Celle-ci passera d&rsquo;ailleurs \u00e0 la r\u00e9pression d\u00e8s janvier 2009.<\/p>\n","protected":false},"excerpt":{"rendered":"<p>J&rsquo;avais d\u00e9j\u00e0 interpell\u00e9 le Conseil de la zone de police Schaerbeek-Evere-Saint Josse \u00e0 propos du stationnement en infraction sur la placette Verhas (au carrefour entre les rues Verhas et Vondel). En effet, la pr\u00e9sence de v\u00e9hicules \u00e0 cet endroit g\u00eane fortement au moment d&rsquo;effectuer des manoeuvres notamment un demi-tour. Comprenant certes parfaitement que les rues [&hellip;]<\/p>\n","protected":false},"author":1,"featured_media":0,"comment_status":"closed","ping_status":"closed","sticky":false,"template":"","format":"standard","meta":{"footnotes":""},"categories":[8],"tags":[],"class_list":["post-6582","post","type-post","status-publish","format-standard","hentry","category-conseil-de-police","has-post-title","has-post-date","has-post-category","has-post-tag","has-post-comment","has-post-author",""],"builder_content":"","_links":{"self":[{"href":"https:\/\/www.jeanpierrevangorp.info\/site\/wp-json\/wp\/v2\/posts\/6582"}],"collection":[{"href":"https:\/\/www.jeanpierrevangorp.info\/site\/wp-json\/wp\/v2\/posts"}],"about":[{"href":"https:\/\/www.jeanpierrevangorp.info\/site\/wp-json\/wp\/v2\/types\/post"}],"author":[{"embeddable":true,"href":"https:\/\/www.jeanpierrevangorp.info\/site\/wp-json\/wp\/v2\/users\/1"}],"replies":[{"embeddable":true,"href":"https:\/\/www.jeanpierrevangorp.info\/site\/wp-json\/wp\/v2\/comments?post=6582"}],"version-history":[{"count":0,"href":"https:\/\/www.jeanpierrevangorp.info\/site\/wp-json\/wp\/v2\/posts\/6582\/revisions"}],"wp:attachment":[{"href":"https:\/\/www.jeanpierrevangorp.info\/site\/wp-json\/wp\/v2\/media?parent=6582"}],"wp:term":[{"taxonomy":"category","embeddable":true,"href":"https:\/\/www.jeanpierrevangorp.info\/site\/wp-json\/wp\/v2\/categories?post=6582"},{"taxonomy":"post_tag","embeddable":true,"href":"https:\/\/www.jeanpierrevangorp.info\/site\/wp-json\/wp\/v2\/tags?post=6582"}],"curies":[{"name":"wp","href":"https:\/\/api.w.org\/{rel}","templated":true}]}}