{"id":6766,"date":"2009-01-27T06:05:06","date_gmt":"2009-01-27T05:05:06","guid":{"rendered":"http:\/\/www.jeanpierrevangorp.info\/site\/?p=6766"},"modified":"2009-01-27T09:07:50","modified_gmt":"2009-01-27T08:07:50","slug":"apres-midi-musicale-au-kriekelaar","status":"publish","type":"post","link":"https:\/\/www.jeanpierrevangorp.info\/site\/apres-midi-musicale-au-kriekelaar\/","title":{"rendered":"Apr\u00e8s-midi musicale au Kriekelaar"},"content":{"rendered":"<p style=\"text-align: center\"><img decoding=\"async\" src=\"https:\/\/www.jeanpierrevangorp.info\/site\/wp-content\/uploads\/2009\/01\/09-01-24_0273.JPG\" alt=\"09-01-24_0273.JPG\" \/><\/p>\n<p>Samedi,\u00a0les membres des sections PS et Sp.a se sont retrouv\u00e9s au centre De Kriekelaar pour une apr\u00e8s-midi festive et musicale, premi\u00e8re activit\u00e9 de cette ann\u00e9e 2009. (M<em>erci \u00e0 Bernadette Vriamont pour les photos<\/em>)<\/p>\n<p align=\"center\"><!--more-->\u00a0<\/p>\n<p style=\"text-align: center\"><img decoding=\"async\" src=\"https:\/\/www.jeanpierrevangorp.info\/site\/wp-content\/uploads\/2009\/01\/09-01-24_0275.JPG\" alt=\"09-01-24_0275.JPG\" \/><\/p>\n<p style=\"text-align: center\"><img decoding=\"async\" src=\"https:\/\/www.jeanpierrevangorp.info\/site\/wp-content\/uploads\/2009\/01\/09-01-24_0271.JPG\" alt=\"09-01-24_0271.JPG\" \/><\/p>\n<p style=\"text-align: center\"><img decoding=\"async\" src=\"https:\/\/www.jeanpierrevangorp.info\/site\/wp-content\/uploads\/2009\/01\/09-01-24_0251.JPG\" alt=\"09-01-24_0251.JPG\" \/><\/p>\n<p style=\"text-align: center\"><img decoding=\"async\" src=\"https:\/\/www.jeanpierrevangorp.info\/site\/wp-content\/uploads\/2009\/01\/09-01-24_0267.JPG\" alt=\"09-01-24_0267.JPG\" \/><\/p>\n<p style=\"text-align: center\"><img decoding=\"async\" src=\"https:\/\/www.jeanpierrevangorp.info\/site\/wp-content\/uploads\/2009\/01\/09-01-24_0270.JPG\" alt=\"09-01-24_0270.JPG\" \/><\/p>\n","protected":false},"excerpt":{"rendered":"<p>Samedi,\u00a0les membres des sections PS et Sp.a se sont retrouv\u00e9s au centre De Kriekelaar pour une apr\u00e8s-midi festive et musicale, premi\u00e8re activit\u00e9 de cette ann\u00e9e 2009. (Merci \u00e0 Bernadette Vriamont pour les photos)<\/p>\n","protected":false},"author":1,"featured_media":0,"comment_status":"closed","ping_status":"closed","sticky":false,"template":"","format":"standard","meta":{"footnotes":""},"categories":[28],"tags":[],"class_list":["post-6766","post","type-post","status-publish","format-standard","hentry","category-ps-schaerbeek","has-post-title","has-post-date","has-post-category","has-post-tag","has-post-comment","has-post-author",""],"builder_content":"","_links":{"self":[{"href":"https:\/\/www.jeanpierrevangorp.info\/site\/wp-json\/wp\/v2\/posts\/6766"}],"collection":[{"href":"https:\/\/www.jeanpierrevangorp.info\/site\/wp-json\/wp\/v2\/posts"}],"about":[{"href":"https:\/\/www.jeanpierrevangorp.info\/site\/wp-json\/wp\/v2\/types\/post"}],"author":[{"embeddable":true,"href":"https:\/\/www.jeanpierrevangorp.info\/site\/wp-json\/wp\/v2\/users\/1"}],"replies":[{"embeddable":true,"href":"https:\/\/www.jeanpierrevangorp.info\/site\/wp-json\/wp\/v2\/comments?post=6766"}],"version-history":[{"count":0,"href":"https:\/\/www.jeanpierrevangorp.info\/site\/wp-json\/wp\/v2\/posts\/6766\/revisions"}],"wp:attachment":[{"href":"https:\/\/www.jeanpierrevangorp.info\/site\/wp-json\/wp\/v2\/media?parent=6766"}],"wp:term":[{"taxonomy":"category","embeddable":true,"href":"https:\/\/www.jeanpierrevangorp.info\/site\/wp-json\/wp\/v2\/categories?post=6766"},{"taxonomy":"post_tag","embeddable":true,"href":"https:\/\/www.jeanpierrevangorp.info\/site\/wp-json\/wp\/v2\/tags?post=6766"}],"curies":[{"name":"wp","href":"https:\/\/api.w.org\/{rel}","templated":true}]}}