{"id":7082,"date":"2009-03-11T07:22:56","date_gmt":"2009-03-11T06:22:56","guid":{"rendered":"http:\/\/www.jeanpierrevangorp.info\/site\/?p=7082"},"modified":"2009-03-11T07:27:43","modified_gmt":"2009-03-11T06:27:43","slug":"depart-dalphonse-peeters-vers-la-zone-de-police-midi","status":"publish","type":"post","link":"https:\/\/www.jeanpierrevangorp.info\/site\/depart-dalphonse-peeters-vers-la-zone-de-police-midi\/","title":{"rendered":"D\u00e9part d&rsquo;Alphonse Peeters vers la zone de police Midi"},"content":{"rendered":"<p style=\"text-align: center\"><img decoding=\"async\" src=\"https:\/\/www.jeanpierrevangorp.info\/site\/wp-content\/uploads\/2009\/03\/police1.jpg\" alt=\"police1.jpg\" \/><\/p>\n<p><strong>Alphonse Peeters<\/strong> (<em>au centre<\/em>) qui travaillait en tandem avec le commissaire-divisionnaire David Yansenne au sein de la<strong> zone de police Schaerbeek-Evere-Saint Josse <\/strong>nous quitte pour assumer ses nouvelles fonctions \u00e0 la t\u00eate de la <strong>zone de police Midi <\/strong>form\u00e9e par les communes de Forest, Saint Gilles et Anderlecht. A cette occasion, un verre de l&rsquo;amiti\u00e9 a \u00e9t\u00e9 offert ce lundi apr\u00e8s-midi \u00e0 l&rsquo;h\u00f4tel communal de Schaerbeek en pr\u00e9sence des bourgmestres des 3 communes de la zone.<\/p>\n<p><!--more--><\/p>\n<p style=\"text-align: center\"><img decoding=\"async\" src=\"https:\/\/www.jeanpierrevangorp.info\/site\/wp-content\/uploads\/2009\/03\/police2.jpg\" alt=\"police2.jpg\" \/><\/p>\n<p>En compagnie des <strong>bourgmestres Rudi Vervoort et Jean Demannez <\/strong><\/p>\n<p style=\"text-align: center\"><img decoding=\"async\" src=\"https:\/\/www.jeanpierrevangorp.info\/site\/wp-content\/uploads\/2009\/03\/police3.jpg\" alt=\"police3.jpg\" \/><\/p>\n<p>En compagnie de Michel Poncelet, huissier du bourgmestre de Schaerbeek qui veille aussi au bon d\u00e9roulement des r\u00e9unions du Coll\u00e8ge et du Conseil de police<\/p>\n","protected":false},"excerpt":{"rendered":"<p>Alphonse Peeters (au centre) qui travaillait en tandem avec le commissaire-divisionnaire David Yansenne au sein de la zone de police Schaerbeek-Evere-Saint Josse nous quitte pour assumer ses nouvelles fonctions \u00e0 la t\u00eate de la zone de police Midi form\u00e9e par les communes de Forest, Saint Gilles et Anderlecht. A cette occasion, un verre de l&rsquo;amiti\u00e9 [&hellip;]<\/p>\n","protected":false},"author":1,"featured_media":0,"comment_status":"closed","ping_status":"closed","sticky":false,"template":"","format":"standard","meta":{"footnotes":""},"categories":[8],"tags":[],"class_list":["post-7082","post","type-post","status-publish","format-standard","hentry","category-conseil-de-police","has-post-title","has-post-date","has-post-category","has-post-tag","has-post-comment","has-post-author",""],"builder_content":"","_links":{"self":[{"href":"https:\/\/www.jeanpierrevangorp.info\/site\/wp-json\/wp\/v2\/posts\/7082"}],"collection":[{"href":"https:\/\/www.jeanpierrevangorp.info\/site\/wp-json\/wp\/v2\/posts"}],"about":[{"href":"https:\/\/www.jeanpierrevangorp.info\/site\/wp-json\/wp\/v2\/types\/post"}],"author":[{"embeddable":true,"href":"https:\/\/www.jeanpierrevangorp.info\/site\/wp-json\/wp\/v2\/users\/1"}],"replies":[{"embeddable":true,"href":"https:\/\/www.jeanpierrevangorp.info\/site\/wp-json\/wp\/v2\/comments?post=7082"}],"version-history":[{"count":0,"href":"https:\/\/www.jeanpierrevangorp.info\/site\/wp-json\/wp\/v2\/posts\/7082\/revisions"}],"wp:attachment":[{"href":"https:\/\/www.jeanpierrevangorp.info\/site\/wp-json\/wp\/v2\/media?parent=7082"}],"wp:term":[{"taxonomy":"category","embeddable":true,"href":"https:\/\/www.jeanpierrevangorp.info\/site\/wp-json\/wp\/v2\/categories?post=7082"},{"taxonomy":"post_tag","embeddable":true,"href":"https:\/\/www.jeanpierrevangorp.info\/site\/wp-json\/wp\/v2\/tags?post=7082"}],"curies":[{"name":"wp","href":"https:\/\/api.w.org\/{rel}","templated":true}]}}