{"id":7596,"date":"2009-05-03T19:24:58","date_gmt":"2009-05-03T18:24:58","guid":{"rendered":"http:\/\/www.jeanpierrevangorp.info\/site\/?p=7596"},"modified":"2009-05-06T08:07:48","modified_gmt":"2009-05-06T07:07:48","slug":"fete-du-1er-mai-a-la-section-ps-de-schaerbeek-1ere-partie","status":"publish","type":"post","link":"https:\/\/www.jeanpierrevangorp.info\/site\/fete-du-1er-mai-a-la-section-ps-de-schaerbeek-1ere-partie\/","title":{"rendered":"F\u00eate du 1er mai \u00e0 la section PS de Schaerbeek (1\u00e8re partie)"},"content":{"rendered":"<p style=\"text-align: center\"><img decoding=\"async\" src=\"https:\/\/www.jeanpierrevangorp.info\/site\/wp-content\/uploads\/2009\/05\/v1.jpg\" alt=\"v1.jpg\" \/><\/p>\n<p>Ce dimanche 3 mai, la <strong>section PS de Schaerbeek<\/strong> organisait son traditionnel repas du 1er mai. Au programme, un<strong> buffet du monde<\/strong> compos\u00e9 de plats pr\u00e9par\u00e9s par les membres de la section. Un \u00e9v\u00e9nement qui a connu un <strong>\u00e9norme succ\u00e8s<\/strong> comme vous pouvez le voir sur ces photos. Des camarades venus de Schaerbeek mais \u00e9galement d&rsquo;autres communes afin de passer un tr\u00e8s agr\u00e9able moment de convivialit\u00e9 avec nous.<\/p>\n<p style=\"text-align: center\"><img decoding=\"async\" src=\"https:\/\/www.jeanpierrevangorp.info\/site\/wp-content\/uploads\/2009\/05\/v2.jpg\" alt=\"v2.jpg\" \/><\/p>\n<p><!--more--><\/p>\n<p style=\"text-align: center\"><img decoding=\"async\" src=\"https:\/\/www.jeanpierrevangorp.info\/site\/wp-content\/uploads\/2009\/05\/v3.jpg\" alt=\"v3.jpg\" \/><\/p>\n<p>La conseill\u00e8re communale Sp.a Bernadette Vriamont \u00e0 la d\u00e9coupe du Jambon Pata Negra<\/p>\n<p style=\"text-align: center\"><img decoding=\"async\" src=\"https:\/\/www.jeanpierrevangorp.info\/site\/wp-content\/uploads\/2009\/05\/v4.jpg\" alt=\"v4.jpg\" \/><\/p>\n<p style=\"text-align: center\"><img decoding=\"async\" src=\"https:\/\/www.jeanpierrevangorp.info\/site\/wp-content\/uploads\/2009\/05\/v5.jpg\" alt=\"v5.jpg\" \/><\/p>\n<p>Sonia et tous les plats du buffet<\/p>\n<p style=\"text-align: center\"><img decoding=\"async\" src=\"https:\/\/www.jeanpierrevangorp.info\/site\/wp-content\/uploads\/2009\/05\/v61.jpg\" alt=\"v61.jpg\" \/><\/p>\n<p>Le conseiller communal Ibrahim Donmez d\u00e9coupant des baguettes de pain<\/p>\n<p style=\"text-align: center\"><img decoding=\"async\" src=\"https:\/\/www.jeanpierrevangorp.info\/site\/wp-content\/uploads\/2009\/05\/v7.jpg\" alt=\"v7.jpg\" \/><\/p>\n<p>Nos 3 dames de choc derri\u00e8re le bar<\/p>\n<p style=\"text-align: center\"><img decoding=\"async\" src=\"https:\/\/www.jeanpierrevangorp.info\/site\/wp-content\/uploads\/2009\/05\/v8.jpg\" alt=\"v8.jpg\" \/><\/p>\n<p>Laurette et Lucie \u00e0 peine 2 semaines, fille de Steven et Mieke<\/p>\n<p style=\"text-align: center\"><img decoding=\"async\" src=\"https:\/\/www.jeanpierrevangorp.info\/site\/wp-content\/uploads\/2009\/05\/v11.jpg\" alt=\"v11.jpg\" \/><\/p>\n<p><strong>Catherine Werts<\/strong>, candidate n\u00b060 en compagnie de Claudette et Christiane<\/p>\n<p style=\"text-align: center\"><img decoding=\"async\" src=\"https:\/\/www.jeanpierrevangorp.info\/site\/wp-content\/uploads\/2009\/05\/v12.jpg\" alt=\"v12.jpg\" \/><\/p>\n<p>Les camarades d&rsquo;Evere venus en nombre<\/p>\n<p style=\"text-align: center\"><img decoding=\"async\" src=\"https:\/\/www.jeanpierrevangorp.info\/site\/wp-content\/uploads\/2009\/05\/v13.jpg\" alt=\"v13.jpg\" \/><\/p>\n<p>Catherine Werts et Bahia servant la sangria de l&rsquo;ap\u00e9ro<\/p>\n<p style=\"text-align: center\"><img decoding=\"async\" src=\"https:\/\/www.jeanpierrevangorp.info\/site\/wp-content\/uploads\/2009\/05\/v14.jpg\" alt=\"v14.jpg\" \/><\/p>\n<p>Deux des chevilles ouvri\u00e8res du jour: Christina et Pol<\/p>\n<p style=\"text-align: center\"><img decoding=\"async\" src=\"https:\/\/www.jeanpierrevangorp.info\/site\/wp-content\/uploads\/2009\/05\/v15.jpg\" alt=\"v15.jpg\" \/><\/p>\n<p>Les JS Schaerbeek<\/p>\n<p style=\"text-align: center\"><img decoding=\"async\" src=\"https:\/\/www.jeanpierrevangorp.info\/site\/wp-content\/uploads\/2009\/05\/v16.jpg\" alt=\"v16.jpg\" \/><\/p>\n<p style=\"text-align: center\"><img decoding=\"async\" src=\"https:\/\/www.jeanpierrevangorp.info\/site\/wp-content\/uploads\/2009\/05\/v17.jpg\" alt=\"v17.jpg\" \/><\/p>\n<p>Nos camarades d&rsquo;Evere<\/p>\n<p style=\"text-align: center\"><img decoding=\"async\" src=\"https:\/\/www.jeanpierrevangorp.info\/site\/wp-content\/uploads\/2009\/05\/v18.jpg\" alt=\"v18.jpg\" \/><\/p>\n<p style=\"text-align: center\"><img decoding=\"async\" src=\"https:\/\/www.jeanpierrevangorp.info\/site\/wp-content\/uploads\/2009\/05\/v19.jpg\" alt=\"v19.jpg\" \/><\/p>\n<p style=\"text-align: center\"><img decoding=\"async\" src=\"https:\/\/www.jeanpierrevangorp.info\/site\/wp-content\/uploads\/2009\/05\/v20.jpg\" alt=\"v20.jpg\" \/><\/p>\n<p>Manu et Nina<\/p>\n<p style=\"text-align: center\"><img decoding=\"async\" src=\"https:\/\/www.jeanpierrevangorp.info\/site\/wp-content\/uploads\/2009\/05\/v21.jpg\" alt=\"v21.jpg\" \/><\/p>\n","protected":false},"excerpt":{"rendered":"<p>Ce dimanche 3 mai, la section PS de Schaerbeek organisait son traditionnel repas du 1er mai. Au programme, un buffet du monde compos\u00e9 de plats pr\u00e9par\u00e9s par les membres de la section. Un \u00e9v\u00e9nement qui a connu un \u00e9norme succ\u00e8s comme vous pouvez le voir sur ces photos. Des camarades venus de Schaerbeek mais \u00e9galement [&hellip;]<\/p>\n","protected":false},"author":1,"featured_media":0,"comment_status":"closed","ping_status":"closed","sticky":false,"template":"","format":"standard","meta":{"footnotes":""},"categories":[28],"tags":[],"class_list":["post-7596","post","type-post","status-publish","format-standard","hentry","category-ps-schaerbeek","has-post-title","has-post-date","has-post-category","has-post-tag","has-post-comment","has-post-author",""],"builder_content":"","_links":{"self":[{"href":"https:\/\/www.jeanpierrevangorp.info\/site\/wp-json\/wp\/v2\/posts\/7596"}],"collection":[{"href":"https:\/\/www.jeanpierrevangorp.info\/site\/wp-json\/wp\/v2\/posts"}],"about":[{"href":"https:\/\/www.jeanpierrevangorp.info\/site\/wp-json\/wp\/v2\/types\/post"}],"author":[{"embeddable":true,"href":"https:\/\/www.jeanpierrevangorp.info\/site\/wp-json\/wp\/v2\/users\/1"}],"replies":[{"embeddable":true,"href":"https:\/\/www.jeanpierrevangorp.info\/site\/wp-json\/wp\/v2\/comments?post=7596"}],"version-history":[{"count":0,"href":"https:\/\/www.jeanpierrevangorp.info\/site\/wp-json\/wp\/v2\/posts\/7596\/revisions"}],"wp:attachment":[{"href":"https:\/\/www.jeanpierrevangorp.info\/site\/wp-json\/wp\/v2\/media?parent=7596"}],"wp:term":[{"taxonomy":"category","embeddable":true,"href":"https:\/\/www.jeanpierrevangorp.info\/site\/wp-json\/wp\/v2\/categories?post=7596"},{"taxonomy":"post_tag","embeddable":true,"href":"https:\/\/www.jeanpierrevangorp.info\/site\/wp-json\/wp\/v2\/tags?post=7596"}],"curies":[{"name":"wp","href":"https:\/\/api.w.org\/{rel}","templated":true}]}}