{"id":799,"date":"2007-04-08T08:43:49","date_gmt":"2007-04-08T07:43:49","guid":{"rendered":"http:\/\/www.jeanpierrevangorp.info\/site\/?p=799"},"modified":"2007-11-05T09:53:35","modified_gmt":"2007-11-05T08:53:35","slug":"conference-internationale-colombie-des-chemins-pour-la-paix","status":"publish","type":"post","link":"https:\/\/www.jeanpierrevangorp.info\/site\/conference-internationale-colombie-des-chemins-pour-la-paix\/","title":{"rendered":"Conf\u00e9rence internationale \u00ab\u00a0Colombie, des chemins pour la paix\u00a0\u00bb"},"content":{"rendered":"<p><strong>L&rsquo;Universit\u00e9 catholique de Louvain<\/strong> en collaboration avec le d\u00e9partement de Sciences Politiques de <strong>l&rsquo;Universit\u00e9 Nationale de Colombie<\/strong> propose une <strong>conf\u00e9rence internationale<\/strong> sur le th\u00e8me \u00ab\u00a0<strong><em>Colombie, des chemins pour la paix<\/em><\/strong>\u00a0\u00bb qui se tiendra le 10 avril\u00a02007 de 9h \u00e0 16h \u00e0 l&rsquo;Auditoire Montesquieu (10, place Montesquieu) \u00e0 Louvain-la-Neuve.\u00a0<\/p>\n<p>Voici le <strong>programme<\/strong> de la journ\u00e9e :<!--more--><\/p>\n<p>9h : Accueil des participants<\/p>\n<p>9h20 : Mot de bienvenue du Professeur Bernard Coulie, Recteur de l&rsquo;UCL<\/p>\n<p>9h30 : Introduction et pr\u00e9sentation de la journ\u00e9e<\/p>\n<ul>\n<li>Professeur L\u00e9opoldo Munera, Universit\u00e9 Nationale de Colombie<\/li>\n<li>Professeur Matthieu de Nanteuil, Universit\u00e9 catholique de Louvain<\/li>\n<\/ul>\n<p>9h45 : <strong>La situation des droits humains en Colombie : quel diagnostic ?<\/strong><\/p>\n<p><em>D\u00e9placements et expropriations, bilan d&rsquo;une d\u00e9cennie<\/em><\/p>\n<ul>\n<li>Marco Romero, Pr\u00e9sident de CODHES, Organisation de d\u00e9plac\u00e9s<\/li>\n<\/ul>\n<p><em>S\u00e9questr\u00e9s et famille de disparus : qui sont-ils ?<\/em><\/p>\n<ul>\n<li>Armand Burguet, Pt\u00e9sident de la f\u00e9d\u00e9ration internationale des comit\u00e9s Ingrid Betancourt<\/li>\n<\/ul>\n<p><em>Le paramilitarisme aujourd&rsquo;hui : exactions, sanctions et impunit\u00e9<\/em><\/p>\n<ul>\n<li>Alirio Uribe Munoz, Collectif des avocats colombiens, Vice-Pr\u00e9sident de la f\u00e9d\u00e9ration internationale des droits humains (FIDH)<\/li>\n<\/ul>\n<p><em>Le cas des afro-colombiens, une double exclusion ?<\/em><\/p>\n<ul>\n<li>Annelies Schorpion, Universit\u00e9 catholique de Louvain<\/li>\n<\/ul>\n<p><em>La situation humanitaire colombienne&#8230;vue d&rsquo;Europe<\/em><\/p>\n<ul>\n<li>Un repr\u00e9sentant du Bureau International \u00a0<\/li>\n<\/ul>\n<p>11h : Pause<\/p>\n<p>11h15 : <strong>Mouvements populaires et soci\u00e9t\u00e9 civile : quelles demandes de justice ? <\/strong><\/p>\n<p><em>Gen\u00e8se des mouvements populaires colombiens<\/em><\/p>\n<ul>\n<li>Professeur Leopoldo Munera, Universit\u00e9 Nationale de Colombie<\/li>\n<\/ul>\n<p><em>Les mouvements pour la paix en Colombie, un \u00e9tat des lieux<\/em><\/p>\n<ul>\n<li>Mario Giraldo, repr\u00e9sentant du Groupe \u00ab\u00a0Paz\u00a0\u00bb de Planeta Paz<\/li>\n<\/ul>\n<p><em>L&rsquo;engagement des femmes en Am\u00e9rique latine<\/em><\/p>\n<ul>\n<li>Isabel Yepez del Castillo, Universit\u00e9 catholique de Louvain<\/li>\n<\/ul>\n<p><em>La loi \u00ab\u00a0Justice et paix\u00a0\u00bb : l&rsquo;Etat de droit en question<\/em><\/p>\n<ul>\n<li>Luiz-Guilermo Perez, Secr\u00e9taire de la F\u00e9d\u00e9ration internationale des Droits de l&rsquo;Homme (FIDH)<\/li>\n<\/ul>\n<p><em>Droits humaines, r\u00f4les et exigences des ONG internationales<\/em><\/p>\n<ul>\n<li>Un repr\u00e9sentant d&rsquo;Amnesty International (Belgique francophone)<\/li>\n<\/ul>\n<p>12h30 : D\u00e9jeuner<\/p>\n<p>14h15 : <strong>Accord humanitaire et solution n\u00e9goci\u00e9e au conflit : quelles propositions politiques ?<\/strong><\/p>\n<p><em>Accord humanitaire et conflit arm\u00e9, les options du gouvernement actuel<\/em><\/p>\n<ul>\n<li>Son Excellence l&rsquo;Ambassadeur de Colombie aupr\u00e8s du Royaume de Belgique et de l&rsquo;Union europ\u00e9enne<\/li>\n<\/ul>\n<p><em>La construction d&rsquo;une opposition d\u00e9mocratique : objectifs, obstacles, d\u00e9fis<\/em><\/p>\n<ul>\n<li>Carlos Gaviria, pr\u00e9sident du P\u00f4le d\u00e9mocratique alternatif<\/li>\n<\/ul>\n<p><em>Position et r\u00f4le de l&rsquo;Union europ\u00e9enne face \u00e0 la situation colombienne<\/em><\/p>\n<ul>\n<li>Des repr\u00e9sentants de parlementaires ou de partis politiques europ\u00e9ens<\/li>\n<\/ul>\n<p>15h30 : <strong>Conclusions<\/strong><\/p>\n<p>Professeur Leopoldo Munera, Universit\u00e9 Nationale de Colombie<\/p>\n<p>Professeur Matthieu de Nanteuil, Universit\u00e9 catholique de Louvain\u00a0\u00a0<\/p>\n","protected":false},"excerpt":{"rendered":"<p>L&rsquo;Universit\u00e9 catholique de Louvain en collaboration avec le d\u00e9partement de Sciences Politiques de l&rsquo;Universit\u00e9 Nationale de Colombie propose une conf\u00e9rence internationale sur le th\u00e8me \u00ab\u00a0Colombie, des chemins pour la paix\u00a0\u00bb qui se tiendra le 10 avril\u00a02007 de 9h \u00e0 16h \u00e0 l&rsquo;Auditoire Montesquieu (10, place Montesquieu) \u00e0 Louvain-la-Neuve.\u00a0 Voici le programme de la journ\u00e9e :<\/p>\n","protected":false},"author":1,"featured_media":0,"comment_status":"closed","ping_status":"closed","sticky":false,"template":"","format":"standard","meta":{"footnotes":""},"categories":[32],"tags":[],"class_list":["post-799","post","type-post","status-publish","format-standard","hentry","category-ingrid-betancourt","has-post-title","has-post-date","has-post-category","has-post-tag","has-post-comment","has-post-author",""],"builder_content":"","_links":{"self":[{"href":"https:\/\/www.jeanpierrevangorp.info\/site\/wp-json\/wp\/v2\/posts\/799"}],"collection":[{"href":"https:\/\/www.jeanpierrevangorp.info\/site\/wp-json\/wp\/v2\/posts"}],"about":[{"href":"https:\/\/www.jeanpierrevangorp.info\/site\/wp-json\/wp\/v2\/types\/post"}],"author":[{"embeddable":true,"href":"https:\/\/www.jeanpierrevangorp.info\/site\/wp-json\/wp\/v2\/users\/1"}],"replies":[{"embeddable":true,"href":"https:\/\/www.jeanpierrevangorp.info\/site\/wp-json\/wp\/v2\/comments?post=799"}],"version-history":[{"count":0,"href":"https:\/\/www.jeanpierrevangorp.info\/site\/wp-json\/wp\/v2\/posts\/799\/revisions"}],"wp:attachment":[{"href":"https:\/\/www.jeanpierrevangorp.info\/site\/wp-json\/wp\/v2\/media?parent=799"}],"wp:term":[{"taxonomy":"category","embeddable":true,"href":"https:\/\/www.jeanpierrevangorp.info\/site\/wp-json\/wp\/v2\/categories?post=799"},{"taxonomy":"post_tag","embeddable":true,"href":"https:\/\/www.jeanpierrevangorp.info\/site\/wp-json\/wp\/v2\/tags?post=799"}],"curies":[{"name":"wp","href":"https:\/\/api.w.org\/{rel}","templated":true}]}}