{"id":8818,"date":"2010-02-12T09:12:50","date_gmt":"2010-02-12T08:12:50","guid":{"rendered":"http:\/\/www.jeanpierrevangorp.info\/site\/?p=8818"},"modified":"2010-02-12T09:13:25","modified_gmt":"2010-02-12T08:13:25","slug":"la-salle-de-sport-de-lathenee-emmanuel-hiel","status":"publish","type":"post","link":"https:\/\/www.jeanpierrevangorp.info\/site\/la-salle-de-sport-de-lathenee-emmanuel-hiel\/","title":{"rendered":"La salle de sport de l&rsquo;ath\u00e9n\u00e9e Emmanuel Hiel"},"content":{"rendered":"<p style=\"text-align: center\"><img decoding=\"async\" src=\"https:\/\/www.jeanpierrevangorp.info\/site\/wp-content\/uploads\/2010\/01\/hiel.jpg\" alt=\"hiel.jpg\" \/><\/p>\n<p>Voici la salle de sport situ\u00e9e au sein de <strong>l&rsquo;ath\u00e9n\u00e9e n\u00e9erlandophone Emmanuel Hiel<\/strong> avenue Gilsquet \u00e0 Schaerbeek. La salle accueille les \u00e9l\u00e9v\u00e8es pendant la journ\u00e9e et en soir\u00e9e et le week-end les activit\u00e9s de clubs sportifs n\u00e9erlandophones.<\/p>\n<p>La salle a \u00e9t\u00e9 financ\u00e9e par la VGC \u00e0 un moment o\u00f9 les clubs n\u00e9erlandophones de la zone Nord de Bruxelles se sont retrouv\u00e9s sans locaux suite aux travaux au centre De Kriekelaar et sans autre alternative propos\u00e9e par les communes. Cette p\u00e9riode sans infrastructure de sport de proximit\u00e9 a d&rsquo;ailleurs sonn\u00e9 le glas d&rsquo;une \u00e9quipe de volley.<\/p>\n<p>A noter que le permis d&rsquo;urbanisme a mis quelques temps avant d&rsquo;\u00eatre d\u00e9livr\u00e9 en raison du fait que Bernhard Clerfayt souhaitait conditionner l&rsquo;utilisation de la salle \u00e9galement par les \u00e9l\u00e8ves d&rsquo;une \u00e9cole communale francophone de Terdelt. Peu compr\u00e9hensible puisque ce qui \u00e9tait demand\u00e9 \u00e0 la communaut\u00e9 n\u00e9erlandophone n&rsquo;\u00e9tait pas r\u00e9ciproqu\u00e9&#8230;<\/p>\n","protected":false},"excerpt":{"rendered":"<p>Voici la salle de sport situ\u00e9e au sein de l&rsquo;ath\u00e9n\u00e9e n\u00e9erlandophone Emmanuel Hiel avenue Gilsquet \u00e0 Schaerbeek. La salle accueille les \u00e9l\u00e9v\u00e8es pendant la journ\u00e9e et en soir\u00e9e et le week-end les activit\u00e9s de clubs sportifs n\u00e9erlandophones. La salle a \u00e9t\u00e9 financ\u00e9e par la VGC \u00e0 un moment o\u00f9 les clubs n\u00e9erlandophones de la zone [&hellip;]<\/p>\n","protected":false},"author":1,"featured_media":0,"comment_status":"closed","ping_status":"closed","sticky":false,"template":"","format":"standard","meta":{"footnotes":""},"categories":[9],"tags":[],"class_list":["post-8818","post","type-post","status-publish","format-standard","hentry","category-actualites-schaerbeekoises","has-post-title","has-post-date","has-post-category","has-post-tag","has-post-comment","has-post-author",""],"builder_content":"","_links":{"self":[{"href":"https:\/\/www.jeanpierrevangorp.info\/site\/wp-json\/wp\/v2\/posts\/8818"}],"collection":[{"href":"https:\/\/www.jeanpierrevangorp.info\/site\/wp-json\/wp\/v2\/posts"}],"about":[{"href":"https:\/\/www.jeanpierrevangorp.info\/site\/wp-json\/wp\/v2\/types\/post"}],"author":[{"embeddable":true,"href":"https:\/\/www.jeanpierrevangorp.info\/site\/wp-json\/wp\/v2\/users\/1"}],"replies":[{"embeddable":true,"href":"https:\/\/www.jeanpierrevangorp.info\/site\/wp-json\/wp\/v2\/comments?post=8818"}],"version-history":[{"count":0,"href":"https:\/\/www.jeanpierrevangorp.info\/site\/wp-json\/wp\/v2\/posts\/8818\/revisions"}],"wp:attachment":[{"href":"https:\/\/www.jeanpierrevangorp.info\/site\/wp-json\/wp\/v2\/media?parent=8818"}],"wp:term":[{"taxonomy":"category","embeddable":true,"href":"https:\/\/www.jeanpierrevangorp.info\/site\/wp-json\/wp\/v2\/categories?post=8818"},{"taxonomy":"post_tag","embeddable":true,"href":"https:\/\/www.jeanpierrevangorp.info\/site\/wp-json\/wp\/v2\/tags?post=8818"}],"curies":[{"name":"wp","href":"https:\/\/api.w.org\/{rel}","templated":true}]}}